{"id":106,"date":"2012-06-20T18:33:29","date_gmt":"2012-06-20T21:33:29","guid":{"rendered":"http:\/\/www.encontrajardimsaoluis.com.br\/noticias\/?p=106"},"modified":"2013-08-14T00:37:04","modified_gmt":"2013-08-14T03:37:04","slug":"ceu-casa-blanca-recebe-peca-de-teatro-com-a-atriz-fernanda-montenegro","status":"publish","type":"post","link":"https:\/\/www.encontrajardimsaoluis.com.br\/noticias\/ceu-casa-blanca-recebe-peca-de-teatro-com-a-atriz-fernanda-montenegro\/","title":{"rendered":"CEU Casa Blanca recebe pe\u00e7a de teatro com a atriz Fernanda Montenegro"},"content":{"rendered":"<p>Duas das maiores damas do teatro brasileiro est\u00e3o em cartaz no CEU \u00e9 Show esta semana. Gl\u00f3ria Menezes e Fernanda Montenegro se revezam pelos palcos dos Centros Educacionais Unicicados, respectivamente, com as pe\u00e7as\u00a0<em>Ensina-me a Viver<\/em>, de Colling Higgins, e\u00a0<em>Viver Sem Tempos Mortos<\/em>, sobre a escritora francesa Simone de Beauvoir. Fernanda se apresenta nos CEUs Campo Limpo, Casa Blanca e Paz, nos dias 20, 21 e 22, enquanto nos dias 22, 23 e 24, Gl\u00f3ria se apresenta no CEU Tr\u00eas Lagos.<\/p>\n<p><em>Viver Sem Tempos Mortos<\/em>\u00a0mostra uma mulher narrando sua hist\u00f3ria e revelando assim suas inquieta\u00e7\u00f5es, suas opini\u00f5es, seus sentimentos e suas expectativas. O espet\u00e1culo apresenta fragmentos de pensamentos da escritora, pensadora e ensa\u00edsta francesa Simone de Beauvoir, que revolucionou a vis\u00e3o do universo feminino do s\u00e9culo 20. Fernanda Montenegro mostra a paix\u00e3o, a energia, a aud\u00e1cia e as contradi\u00e7\u00f5es humanas de uma das mulheres mais influentes do s\u00e9culo passado.<\/p>\n<p>Em\u00a0<em>Ensina-me a Viver<\/em>, Gl\u00f3ria Menezes interpreta Maude, uma octogen\u00e1ria que vive uma bela hist\u00f3ria de amor com um jovem de apenas 20 anos, obcecado pela morte. A personagem de Gl\u00f3ria, ao contr\u00e1rio, tem uma paix\u00e3o imensa pela vida e aproveita cada segundo de sua exist\u00eancia como se fosse o \u00faltimo. O contato entre esses dois n\u00e3o poderia ser mais inusitado e improv\u00e1vel. No entanto, quando se encontram, a sintonia \u00e9 imediata. Maude, cheia de alegria e positividade, ensina ao deslocado Harold os prazeres da liberdade e da vida. \u201cEssa pe\u00e7a j\u00e1 me deu muitas alegrias, mas essa (estar nos CEUs) \u00e9 a maior de todas\u201d, diz Gl\u00f3ria.<\/p>\n<p>Este ano, os CEUs e o Centro de Conviv\u00eancia Educativo e Cultural de Heli\u00f3polis se firmam definitivamente no roteiro cultural de S\u00e3o Paulo com a temporada 2012 do projeto. Realizada pela Secretaria Municipal de Educa\u00e7\u00e3o pelo terceiro ano consecutivo, a iniciativa leva \u2013 at\u00e9 dezembro \u2013 mais de 800 shows e espet\u00e1culos teatrais aclamados pelo p\u00fablico e sucessos de cr\u00edtica a todas as regi\u00f5es da cidade.<\/p>\n<p><strong>Servi\u00e7o<\/strong><\/p>\n<p><strong><em>Viver Sem Tempos Mortos<\/em><\/strong><\/p>\n<p><strong>Dia 20 &#8211; CEU Campo Limpo<\/strong><br \/>\nAv. Carlos Lacerda, 678 \u2013 Pirajussara<br \/>\nInforma\u00e7\u00f5es pelo telefone: 5843-4841<\/p>\n<p><strong>Dia 21 &#8211; CEU Casa Blanca<\/strong><br \/>\nJo\u00e3o Damaceno, s\/n\u00b0 &#8211; Vila das Belezas<br \/>\nInforma\u00e7\u00f5es pelo telefone: 5519-5214<\/p>\n<p><strong>Dia 22 &#8211; CEU Paz<\/strong><br \/>\nRua Daniel Cerri, 1.549 \u2013 Jardim Paran\u00e1<br \/>\nInforma\u00e7\u00f5es pelos telefones: 3986-3404\/3405<\/p>\n<p><em><strong>Ensina-me a Viver<\/strong><\/em><\/p>\n<p><strong>Dias 22, 23 e 24 &#8211; CEU Tr\u00eas Lagos<\/strong><\/p>\n<p>Estrada do Barro Branco, s\/n\u00ba, Socorro<br \/>\nInforma\u00e7\u00f5es pelos telefones 5976-5642 e 5976-5643<\/p>\n<p><em>Fonte: Prefeitura de S\u00e3o Paulo<\/em><\/p>\n","protected":false},"excerpt":{"rendered":"<p>Duas das maiores damas do teatro brasileiro est\u00e3o em cartaz no CEU \u00e9 Show esta semana. Gl\u00f3ria Menezes e Fernanda Montenegro se revezam pelos palcos dos Centros Educacionais Unicicados, respectivamente, com as pe\u00e7as\u00a0Ensina-me a Viver, de Colling Higgins, e\u00a0Viver Sem Tempos Mortos, sobre a escritora francesa Simone de Beauvoir. Fernanda se apresenta nos CEUs Campo [&hellip;]<\/p>\n","protected":false},"author":1,"featured_media":0,"comment_status":"open","ping_status":"open","sticky":false,"template":"","format":"standard","meta":{"footnotes":""},"categories":[17],"tags":[14],"class_list":["post-106","post","type-post","status-publish","format-standard","hentry","category-teatro","tag-jardim-sao-luis"],"_links":{"self":[{"href":"https:\/\/www.encontrajardimsaoluis.com.br\/noticias\/wp-json\/wp\/v2\/posts\/106","targetHints":{"allow":["GET"]}}],"collection":[{"href":"https:\/\/www.encontrajardimsaoluis.com.br\/noticias\/wp-json\/wp\/v2\/posts"}],"about":[{"href":"https:\/\/www.encontrajardimsaoluis.com.br\/noticias\/wp-json\/wp\/v2\/types\/post"}],"author":[{"embeddable":true,"href":"https:\/\/www.encontrajardimsaoluis.com.br\/noticias\/wp-json\/wp\/v2\/users\/1"}],"replies":[{"embeddable":true,"href":"https:\/\/www.encontrajardimsaoluis.com.br\/noticias\/wp-json\/wp\/v2\/comments?post=106"}],"version-history":[{"count":5,"href":"https:\/\/www.encontrajardimsaoluis.com.br\/noticias\/wp-json\/wp\/v2\/posts\/106\/revisions"}],"predecessor-version":[{"id":403,"href":"https:\/\/www.encontrajardimsaoluis.com.br\/noticias\/wp-json\/wp\/v2\/posts\/106\/revisions\/403"}],"wp:attachment":[{"href":"https:\/\/www.encontrajardimsaoluis.com.br\/noticias\/wp-json\/wp\/v2\/media?parent=106"}],"wp:term":[{"taxonomy":"category","embeddable":true,"href":"https:\/\/www.encontrajardimsaoluis.com.br\/noticias\/wp-json\/wp\/v2\/categories?post=106"},{"taxonomy":"post_tag","embeddable":true,"href":"https:\/\/www.encontrajardimsaoluis.com.br\/noticias\/wp-json\/wp\/v2\/tags?post=106"}],"curies":[{"name":"wp","href":"https:\/\/api.w.org\/{rel}","templated":true}]}}