{"id":124,"date":"2012-07-23T00:42:59","date_gmt":"2012-07-23T03:42:59","guid":{"rendered":"http:\/\/www.encontrajardimsaoluis.com.br\/noticias\/?p=124"},"modified":"2013-08-14T00:37:05","modified_gmt":"2013-08-14T03:37:05","slug":"jardim-sao-luis-prefeitura-de-sao-paulo-abre-concursos-para-3-215-vagas","status":"publish","type":"post","link":"https:\/\/www.encontrajardimsaoluis.com.br\/noticias\/jardim-sao-luis-prefeitura-de-sao-paulo-abre-concursos-para-3-215-vagas\/","title":{"rendered":"Jardim S\u00e3o Luis: Prefeitura de S\u00e3o Paulo abre concursos para 3.215 vagas"},"content":{"rendered":"<p>A Prefeitura de\u00a0S\u00e3o Paulo\u00a0divulgou dois editais de concursos p\u00fablicos para 3.215 vagas de n\u00edvel m\u00e9dio e superior. Somente para professores s\u00e3o 3.203 vagas. Os sal\u00e1rios v\u00e3o de R$ 870,37 a R$ 3.024,89. As vagas s\u00e3o para a Secretaria Municipal de Planejamento, Or\u00e7amento e Gest\u00e3o, Secretaria Municipal de Educa\u00e7\u00e3o e\u00a0 Funda\u00e7\u00e3o Paulistana de Educa\u00e7\u00e3o Tecnologia.<\/p>\n<p>Os cargos de n\u00edvel superior s\u00e3o para especialista em desenvolvimento urbano I \u2013 engenharia agron\u00f4mica, professor de ensino fundamental II e m\u00e9dio nas discplinas de artes, biologia, ci\u00eancias, educa\u00e7\u00e3o f\u00edsica, espanhol, f\u00edsica,\u00a0 geografia, ingl\u00eas, matem\u00e1tica, portugu\u00eas, qu\u00edmica, filosofia e sociologia, bibliotec\u00e1rio, professor de ensino t\u00e9cnico nas disciplinas de n\u00facleo b\u00e1sico, n\u00facleo t\u00e9cnico &#8211; an\u00e1lises cl\u00ednicas, n\u00facleo t\u00e9cnico &#8211; farm\u00e1cia, n\u00facleo t\u00e9cnico gest\u00e3o de servi\u00e7os de sa\u00fade, n\u00facleo t\u00e9cnico &#8211; psicologia aplicada \u00e0 sa\u00fade e n\u00facleo t\u00e9cnico &#8211; sa\u00fade bucal.<\/p>\n<p>A vaga de n\u00edvel m\u00e9dio s\u00e3o para assist\u00eancia de gest\u00e3o em pol\u00edticas p\u00fablicas.<\/p>\n<p>As inscri\u00e7\u00f5es deve ser feitas entre os dias 23 de julho a 3 de agosto pelo site: \u00a0concursosfcc.com.br. A taxa \u00e9 de R$ 50 para n\u00edvel m\u00e9dio e R$ 75 para n\u00edvel superior.<\/p>\n<p>Os candidatos que n\u00e3o t\u00eam acesso \u00e0 internet podem utilizar os\u00a0equipamentos\u00a0disponibilizados nos postos informados no edital, de segunda a sexta-feira, das 10h \u00e0s 17h.<\/p>\n<p>A prova objetiva e dissertativa ter\u00e1 dura\u00e7\u00e3o de 4h30 e ser\u00e1 aplicada no dia 30 de setembro, no per\u00edodo da manh\u00e3. Ainda haver\u00e1 an\u00e1lise de t\u00edtulos para os cargos de professor e especialista em desenvolvimento urbano I \u2013 engenharia agron\u00f4mica .<\/p>\n<p>O concurso para os cargos de especialista em desenvolvimento urbano I \u2013 engenharia agron\u00f4mica, professor de ensino fundamental II e m\u00e9dio tem validade de 1 ano, j\u00e1 o concurso para os demais cargos tem 2 anos de validade.<\/p>\n<table>\n<thead>\n<tr>\n<th>Prefeitura de S\u00e3o Paulo<\/th>\n<\/tr>\n<\/thead>\n<tbody>\n<tr>\n<td><strong>Inscri\u00e7\u00f5es :\u00a0<\/strong>De 23 de julho a 3 de agosto<\/td>\n<\/tr>\n<tr>\n<td><\/td>\n<\/tr>\n<tr>\n<td><strong>Vagas:\u00a0<\/strong>3.215<strong><br \/>\n<\/strong><\/td>\n<\/tr>\n<tr>\n<td><\/td>\n<\/tr>\n<tr>\n<td><strong>Sal\u00e1rio:\u00a0<\/strong>De R$ 870,37 a R$ 3.024,89<strong><br \/>\n<\/strong><\/td>\n<\/tr>\n<tr>\n<td><\/td>\n<\/tr>\n<tr>\n<td><strong>Taxa:\u00a0<\/strong>R$ 50 e R$ 75<strong><br \/>\n<\/strong><\/td>\n<\/tr>\n<tr>\n<td><\/td>\n<\/tr>\n<tr>\n<td><strong>Prova:\u00a0<\/strong>30 de setembro<strong><br \/>\n<\/strong><\/td>\n<\/tr>\n<tr>\n<td><\/td>\n<\/tr>\n<\/tbody>\n<\/table>\n<p><em>Fonte: G1<\/em><\/p>\n","protected":false},"excerpt":{"rendered":"<p>A Prefeitura de\u00a0S\u00e3o Paulo\u00a0divulgou dois editais de concursos p\u00fablicos para 3.215 vagas de n\u00edvel m\u00e9dio e superior. Somente para professores s\u00e3o 3.203 vagas. Os sal\u00e1rios v\u00e3o de R$ 870,37 a R$ 3.024,89. As vagas s\u00e3o para a Secretaria Municipal de Planejamento, Or\u00e7amento e Gest\u00e3o, Secretaria Municipal de Educa\u00e7\u00e3o e\u00a0 Funda\u00e7\u00e3o Paulistana de Educa\u00e7\u00e3o Tecnologia. Os [&hellip;]<\/p>\n","protected":false},"author":1,"featured_media":0,"comment_status":"open","ping_status":"open","sticky":false,"template":"","format":"standard","meta":{"footnotes":""},"categories":[4],"tags":[14],"class_list":["post-124","post","type-post","status-publish","format-standard","hentry","category-empregos","tag-jardim-sao-luis"],"_links":{"self":[{"href":"https:\/\/www.encontrajardimsaoluis.com.br\/noticias\/wp-json\/wp\/v2\/posts\/124","targetHints":{"allow":["GET"]}}],"collection":[{"href":"https:\/\/www.encontrajardimsaoluis.com.br\/noticias\/wp-json\/wp\/v2\/posts"}],"about":[{"href":"https:\/\/www.encontrajardimsaoluis.com.br\/noticias\/wp-json\/wp\/v2\/types\/post"}],"author":[{"embeddable":true,"href":"https:\/\/www.encontrajardimsaoluis.com.br\/noticias\/wp-json\/wp\/v2\/users\/1"}],"replies":[{"embeddable":true,"href":"https:\/\/www.encontrajardimsaoluis.com.br\/noticias\/wp-json\/wp\/v2\/comments?post=124"}],"version-history":[{"count":6,"href":"https:\/\/www.encontrajardimsaoluis.com.br\/noticias\/wp-json\/wp\/v2\/posts\/124\/revisions"}],"predecessor-version":[{"id":418,"href":"https:\/\/www.encontrajardimsaoluis.com.br\/noticias\/wp-json\/wp\/v2\/posts\/124\/revisions\/418"}],"wp:attachment":[{"href":"https:\/\/www.encontrajardimsaoluis.com.br\/noticias\/wp-json\/wp\/v2\/media?parent=124"}],"wp:term":[{"taxonomy":"category","embeddable":true,"href":"https:\/\/www.encontrajardimsaoluis.com.br\/noticias\/wp-json\/wp\/v2\/categories?post=124"},{"taxonomy":"post_tag","embeddable":true,"href":"https:\/\/www.encontrajardimsaoluis.com.br\/noticias\/wp-json\/wp\/v2\/tags?post=124"}],"curies":[{"name":"wp","href":"https:\/\/api.w.org\/{rel}","templated":true}]}}