{"id":150,"date":"2012-10-26T11:27:53","date_gmt":"2012-10-26T14:27:53","guid":{"rendered":"http:\/\/www.encontrajardimsaoluis.com.br\/noticias\/?p=150"},"modified":"2013-08-14T00:37:05","modified_gmt":"2013-08-14T03:37:05","slug":"prefeitura-e-governo-do-estado-entregam-creche-escola-no-jardim-sao-luis","status":"publish","type":"post","link":"https:\/\/www.encontrajardimsaoluis.com.br\/noticias\/prefeitura-e-governo-do-estado-entregam-creche-escola-no-jardim-sao-luis\/","title":{"rendered":"Prefeitura e Governo do Estado entregam Creche-Escola no Jardim S\u00e3o Luis"},"content":{"rendered":"<p>Representantes da\u00a0Prefeitura de S\u00e3o Paulo\u00a0e do Governo do Estado entregaram, na manh\u00e3 desta quinta-feira (25), mais quatro Centros de Educa\u00e7\u00e3o Infantil (CEIs) constru\u00eddos por meio do programa Creche-Escola.\u00a0A cerim\u00f4nia realizada no CEI Jardim Fontalis, no bairro do Trememb\u00e9,\u00a0Zona Norte de S\u00e3o Paulo, marcou a entrega da unidade e das creches Jardim Colorado I, no\u00a0bairro de Sapopemba,Zona Leste de S\u00e3o Paulo; Fim de Semana, no Jardim S\u00e3o Luis; e Tiquira, no Jardim \u00c2ngela, localizadas na\u00a0Zona Sul de S\u00e3o Paulo. Constru\u00eddos por meio de uma parceria entre o Governo do Estado e a Prefeitura de S\u00e3o Paulo, os quatro novos pr\u00e9dios receberam investimentos de R$ 9,8 milh\u00f5es e, juntos, atender\u00e3o cerca de 1 mil crian\u00e7as com at\u00e9 3 anos e 11 meses. At\u00e9 o final do ano, mais 10 unidades ser\u00e3o entregues \u00e0 popula\u00e7\u00e3o.<\/p>\n<p>A primeira unidade do programa foi entregue em setembro. Localizado no Itaim Paulista, Zona Leste, o CEI CDHU Itaim tem capacidade para atender 230 crian\u00e7as. Por meio da parceria, a Prefeitura vai construir 42 creches, que oferecer\u00e3o mais de 9 mil vagas \u00e0 popula\u00e7\u00e3o. O investimento de R$ 80 milh\u00f5es dentro da capital paulista fica por conta do Governo do Estado, conforme dois conv\u00eanios firmados com a atual gest\u00e3o, o primeiro assinado em novembro de 2011, e o segundo em julho deste ano. Ao munic\u00edpio, cabe ceder o terreno onde s\u00e3o constru\u00eddas as novas creches.<\/p>\n<p>O programa Creche-Escola tem como objetivo aumentar a oferta de creches na cidade e acelerar o ritmo de constru\u00e7\u00e3o de novas unidades, que praticamente dobraram nos \u00faltimos oito anos, passando de 870, em 2004, para 1.521 unidades atualmente.<\/p>\n<p><strong>Amplia\u00e7\u00e3o das vagas<\/strong><\/p>\n<p>Em 2004, a Rede Municipal de Ensino contava com cerca de 60 mil crian\u00e7as de zero a tr\u00eas anos matriculadas em suas creches. Em dezembro de 2010, esse n\u00famero j\u00e1 havia subido para 130 mil, portanto, mais do que o dobro na compara\u00e7\u00e3o. Com a reorganiza\u00e7\u00e3o da Educa\u00e7\u00e3o Infantil, em 2011, a faixa et\u00e1ria atendida em creche passou de zero a tr\u00eas anos para quatro anos incompletos. Hoje s\u00e3o 210 mil crian\u00e7as matriculadas. Essa amplia\u00e7\u00e3o foi poss\u00edvel gra\u00e7as \u00e0 constru\u00e7\u00e3o de novas unidades e \u00e0 assinatura de novos conv\u00eanios. A previs\u00e3o \u00e9 entregar, at\u00e9 o final deste ano, outras 400 creches, entre novas constru\u00e7\u00f5es e a assinatura de novos conv\u00eanios, nas 13 Diretorias Regionais de Educa\u00e7\u00e3o.<\/p>\n<p><em>Fonte: Prefeitura Municipal de S\u00e3o Paulo<\/em><\/p>\n","protected":false},"excerpt":{"rendered":"<p>Representantes da\u00a0Prefeitura de S\u00e3o Paulo\u00a0e do Governo do Estado entregaram, na manh\u00e3 desta quinta-feira (25), mais quatro Centros de Educa\u00e7\u00e3o Infantil (CEIs) constru\u00eddos por meio do programa Creche-Escola.\u00a0A cerim\u00f4nia realizada no CEI Jardim Fontalis, no bairro do Trememb\u00e9,\u00a0Zona Norte de S\u00e3o Paulo, marcou a entrega da unidade e das creches Jardim Colorado I, no\u00a0bairro de [&hellip;]<\/p>\n","protected":false},"author":1,"featured_media":0,"comment_status":"open","ping_status":"open","sticky":false,"template":"","format":"standard","meta":{"footnotes":""},"categories":[6],"tags":[14],"class_list":["post-150","post","type-post","status-publish","format-standard","hentry","category-noticias","tag-jardim-sao-luis"],"_links":{"self":[{"href":"https:\/\/www.encontrajardimsaoluis.com.br\/noticias\/wp-json\/wp\/v2\/posts\/150","targetHints":{"allow":["GET"]}}],"collection":[{"href":"https:\/\/www.encontrajardimsaoluis.com.br\/noticias\/wp-json\/wp\/v2\/posts"}],"about":[{"href":"https:\/\/www.encontrajardimsaoluis.com.br\/noticias\/wp-json\/wp\/v2\/types\/post"}],"author":[{"embeddable":true,"href":"https:\/\/www.encontrajardimsaoluis.com.br\/noticias\/wp-json\/wp\/v2\/users\/1"}],"replies":[{"embeddable":true,"href":"https:\/\/www.encontrajardimsaoluis.com.br\/noticias\/wp-json\/wp\/v2\/comments?post=150"}],"version-history":[{"count":7,"href":"https:\/\/www.encontrajardimsaoluis.com.br\/noticias\/wp-json\/wp\/v2\/posts\/150\/revisions"}],"predecessor-version":[{"id":438,"href":"https:\/\/www.encontrajardimsaoluis.com.br\/noticias\/wp-json\/wp\/v2\/posts\/150\/revisions\/438"}],"wp:attachment":[{"href":"https:\/\/www.encontrajardimsaoluis.com.br\/noticias\/wp-json\/wp\/v2\/media?parent=150"}],"wp:term":[{"taxonomy":"category","embeddable":true,"href":"https:\/\/www.encontrajardimsaoluis.com.br\/noticias\/wp-json\/wp\/v2\/categories?post=150"},{"taxonomy":"post_tag","embeddable":true,"href":"https:\/\/www.encontrajardimsaoluis.com.br\/noticias\/wp-json\/wp\/v2\/tags?post=150"}],"curies":[{"name":"wp","href":"https:\/\/api.w.org\/{rel}","templated":true}]}}