{"id":202,"date":"2013-03-26T00:28:58","date_gmt":"2013-03-26T03:28:58","guid":{"rendered":"http:\/\/www.encontrajardimsaoluis.com.br\/noticias\/?p=202"},"modified":"2013-08-14T00:37:20","modified_gmt":"2013-08-14T03:37:20","slug":"predio-residencial-e-esvaziado-no-jardim-sao-luis","status":"publish","type":"post","link":"https:\/\/www.encontrajardimsaoluis.com.br\/noticias\/predio-residencial-e-esvaziado-no-jardim-sao-luis\/","title":{"rendered":"Pr\u00e9dio residencial \u00e9 esvaziado no Jardim S\u00e3o Luis"},"content":{"rendered":"<p>Ap\u00f3s ouvirem estalos vindos da estrutura do im\u00f3vel no bairro do Jardim S\u00e3o Luis, os moradores de um pr\u00e9dio residencial na Rua Virg\u00ednia Torezin Forte, na regi\u00e3o do Jardim S\u00e3o Lu\u00eds, na Zona Sul\u00a0S\u00e3o Paulo, na manh\u00e3 deste domingo (24). Por volta das 12h, Defesa Civil e Bombeiros estavam no local para fazer uma vistoria.<\/p>\n<p>Segundo a Defesa Civil, o im\u00f3vel fica no n\u00famero 158 da via, no bloco B, do Condom\u00ednio 1. N\u00e3o h\u00e1 informa\u00e7\u00e3o.<\/p>\n<p><em>Fonte: G1<\/em><\/p>\n","protected":false},"excerpt":{"rendered":"<p>Ap\u00f3s ouvirem estalos vindos da estrutura do im\u00f3vel no bairro do Jardim S\u00e3o Luis, os moradores de um pr\u00e9dio residencial na Rua Virg\u00ednia Torezin Forte, na regi\u00e3o do Jardim S\u00e3o Lu\u00eds, na Zona Sul\u00a0S\u00e3o Paulo, na manh\u00e3 deste domingo (24). Por volta das 12h, Defesa Civil e Bombeiros estavam no local para fazer uma vistoria. [&hellip;]<\/p>\n","protected":false},"author":1,"featured_media":0,"comment_status":"open","ping_status":"open","sticky":false,"template":"","format":"standard","meta":{"footnotes":""},"categories":[6],"tags":[14],"class_list":["post-202","post","type-post","status-publish","format-standard","hentry","category-noticias","tag-jardim-sao-luis"],"_links":{"self":[{"href":"https:\/\/www.encontrajardimsaoluis.com.br\/noticias\/wp-json\/wp\/v2\/posts\/202","targetHints":{"allow":["GET"]}}],"collection":[{"href":"https:\/\/www.encontrajardimsaoluis.com.br\/noticias\/wp-json\/wp\/v2\/posts"}],"about":[{"href":"https:\/\/www.encontrajardimsaoluis.com.br\/noticias\/wp-json\/wp\/v2\/types\/post"}],"author":[{"embeddable":true,"href":"https:\/\/www.encontrajardimsaoluis.com.br\/noticias\/wp-json\/wp\/v2\/users\/1"}],"replies":[{"embeddable":true,"href":"https:\/\/www.encontrajardimsaoluis.com.br\/noticias\/wp-json\/wp\/v2\/comments?post=202"}],"version-history":[{"count":5,"href":"https:\/\/www.encontrajardimsaoluis.com.br\/noticias\/wp-json\/wp\/v2\/posts\/202\/revisions"}],"predecessor-version":[{"id":458,"href":"https:\/\/www.encontrajardimsaoluis.com.br\/noticias\/wp-json\/wp\/v2\/posts\/202\/revisions\/458"}],"wp:attachment":[{"href":"https:\/\/www.encontrajardimsaoluis.com.br\/noticias\/wp-json\/wp\/v2\/media?parent=202"}],"wp:term":[{"taxonomy":"category","embeddable":true,"href":"https:\/\/www.encontrajardimsaoluis.com.br\/noticias\/wp-json\/wp\/v2\/categories?post=202"},{"taxonomy":"post_tag","embeddable":true,"href":"https:\/\/www.encontrajardimsaoluis.com.br\/noticias\/wp-json\/wp\/v2\/tags?post=202"}],"curies":[{"name":"wp","href":"https:\/\/api.w.org\/{rel}","templated":true}]}}