{"id":233,"date":"2013-04-18T10:37:27","date_gmt":"2013-04-18T13:37:27","guid":{"rendered":"http:\/\/www.encontrajardimsaoluis.com.br\/noticias\/?p=233"},"modified":"2013-08-14T00:37:20","modified_gmt":"2013-08-14T03:37:20","slug":"postos-de-saude-no-jardim-sao-luis-realizam-campanha-de-vacinacao-contra-a-influenza","status":"publish","type":"post","link":"https:\/\/www.encontrajardimsaoluis.com.br\/noticias\/postos-de-saude-no-jardim-sao-luis-realizam-campanha-de-vacinacao-contra-a-influenza\/","title":{"rendered":"Postos de Sa\u00fade no Jardim S\u00e3o Luis realizam Campanha de Vacina\u00e7\u00e3o Contra a Influenza"},"content":{"rendered":"<p>O Programa Municipal de Imuniza\u00e7\u00e3o da Coordena\u00e7\u00e3o de Vigil\u00e2ncia em Sa\u00fade (COVISA), da Secretaria Municipal da Sa\u00fade, est\u00e1 organizando uma ampla mobiliza\u00e7\u00e3o dos profissionais e equipamentos da rede de sa\u00fade municipal para o f\u00e1cil acesso \u00e0 vacina\u00e7\u00e3o no per\u00edodo de 15 a 26 abril. O objetivo da Campanha Nacional de Vacina\u00e7\u00e3o Contra Influenza (gripe) \u00e9 reduzir os casos de complica\u00e7\u00f5es e \u00f3bitos causados pela doen\u00e7a. O Programa Nacional de Imuniza\u00e7\u00e3o indica a vacina para os seguintes grupos: pessoas com 60 anos ou mais, gestante, pu\u00e9rperas at\u00e9 o 45\u00ba dia p\u00f3s-parto, crian\u00e7as de 06 a 23 meses de vida, popula\u00e7\u00e3o ind\u00edgena, portadores de doen\u00e7as cr\u00f4nicas, profissionais da sa\u00fade e pessoas privadas de liberdade.<\/p>\n<p>A meta \u00e9 vacinar 80% da popula\u00e7\u00e3o alvo do munic\u00edpio que est\u00e1 estimada em cerca de 2,5 milh\u00f5es de pessoas. Equipes de profissionais da sa\u00fade atuar\u00e3o em asilos, casas de repouso, e outras institui\u00e7\u00f5es que abriguem a popula\u00e7\u00e3o com 60 anos ou mais. J\u00e1 os acamados podem ser vacinados em casa, desde que sejam cadastrados na UBS mais pr\u00f3xima de sua resid\u00eancia. Para isso, um familiar ou respons\u00e1vel deve levar \u00e0 unidade um documento da pessoa a ser vacinada e um comprovante de resid\u00eancia.<\/p>\n<p>Os profissionais de sa\u00fade, em raz\u00e3o da pr\u00f3pria atividade exercida, dever\u00e3o se prevenir, vacinando-se contra o v\u00edrus Influenza, uma vez que se encontram num dos grupos considerados de risco acrescido.<\/p>\n<p>No dia 20 de abril, s\u00e1bado, data da Mobiliza\u00e7\u00e3o Nacional, um maior n\u00famero de postos de vacina\u00e7\u00e3o (672) ser\u00e3o abertos em diversos pontos da cidade. J\u00e1 nos dias \u00fateis da campanha, a vacina estar\u00e1 dispon\u00edvel em todas as unidades b\u00e1sicas de sa\u00fade das 8 \u00e0s 17 horas.<\/p>\n<p><strong>Confira os\u00a0postos de sa\u00fade no bairro do Jardim S\u00e3o Luis\u00a0que oferecem o servi\u00e7o:<\/strong><\/p>\n<p><strong>UBS JD. ALFREDO<\/strong><br \/>\nR. DINAR, 51<br \/>\n55146355<\/p>\n<p><strong>CONDOM\u00cdNIO TALARA<\/strong><br \/>\nR. ANT\u00d4NIO RAPOSO BARRETO, 31<br \/>\n982148340<\/p>\n<p><strong>OSEM<\/strong><br \/>\nR. QUIMILI, 515<br \/>\n979146984<\/p>\n<p><strong>UBS VILA DAS BELEZAS<\/strong><br \/>\nR. TEN. ISA\u00cdAS BRANCO DE ARAUJO, 101\/103<br \/>\n55114712<\/p>\n<p><strong>CEU CASA BLANCA<\/strong><br \/>\nR. JO\u00c3O DAMASCENO, 85<br \/>\n55195212<\/p>\n<p><strong>AMBULAT\u00d3RIO MONTE AZUL<\/strong><br \/>\nR. LUIS GRASMAN, 171<br \/>\n58523032<\/p>\n<p><strong>UBS BRAS\u00cdLIA<\/strong><br \/>\nR. MAPOR\u00c9, 352<br \/>\n58178387<\/p>\n<p><strong>UBS JD. CELESTE<\/strong><br \/>\n<strong>R. J\u00d5AO FERNANDES CAMISA NOVA JR<\/strong>,\u00a0865<br \/>\n58123738<\/p>\n<p><strong>AMA S\u00c3O LUIZ<\/strong><br \/>\nR. LUIZ ANT\u00d4NIO VERNEY, 98<br \/>\n55111153<\/p>\n<p><strong>UBS CH\u00c1CARA SANTANA<\/strong><br \/>\nR. BALTAZAR DE S\u00c1, 383<br \/>\n55146448<\/p>\n<p><strong>ASSOC. DOS MORADORES CHAC. SANTANA<\/strong><br \/>\nR. MANOEL VIEIRA SARMENTO, 327<br \/>\n58911004<\/p>\n<p><strong>CDC GET\u00daLIO DORNELES VARGAS<\/strong><br \/>\nR. SEBASTI\u00c3O MUNIZ DE SOUZA, 120<br \/>\nS\/FONE<\/p>\n<p><strong>IGREJA CONGREGA\u00c7\u00c3O ROCHA ETERNA<\/strong><br \/>\nAV. RAQUEL ALVES MOREIRA, 673<br \/>\n58910454<\/p>\n<p><strong>UBS PQ. FIGUEIRA GRANDE<\/strong><br \/>\nR. DANIEL KLEIN, 211<br \/>\n58944788<\/p>\n<p><strong>IGREJA PENTECOSTAL CASA DE DEUS<\/strong><br \/>\nR. DOMINGOS AFONSO SERT\u00c3O, 695<br \/>\n55148382<\/p>\n<p><strong>EEPG ELYO FERREIRA DE CASTRO<\/strong><br \/>\nR. B\u00c1CIO DE FILACAIA, 147<br \/>\n55146588<\/p>\n<p><strong>UBS NOVO CAMINHO<\/strong><br \/>\nR. ANT\u00d4NIO DA MATA JUNIOR, 943<br \/>\n58519026<\/p>\n<p><strong>UBS NOVO JARDIM<\/strong><br \/>\nR. PHILIPE DE VITRY, 282<br \/>\n58922134<\/p>\n<p><strong>UBS PQ. STO. ANT\u00d4NIO<\/strong><br \/>\nR. MANOEL BORDALO PINHEIRO, 100<br \/>\n55114249<\/p>\n<p><strong>PAR\u00d3QUIA STO EUG\u00caNIO<\/strong><br \/>\nR. DEOCLECIANO DE OLIVEIRA FILHO, SN<br \/>\n55114249<\/p>\n<p><strong>IGREJA STA MARIA GORETTE<\/strong><br \/>\nR. HOLDA BOTTO MALANCONI, SN<br \/>\n55114249<\/p>\n<p><strong>CIC SUL<\/strong><br \/>\nAV. JOS\u00c9 MANUEL CAMISA NOVA, 100<br \/>\n55114249<\/p>\n<p><strong>UBS JD.SOUZA<\/strong><br \/>\nR. MARIA JOS\u00c9 DE SOUZA, 190<br \/>\n55146430<\/p>\n<p><strong>UBS JD. THOMAS<\/strong><br \/>\nR. ALD\u00c1LIO GON\u00c7ALVES DOS SANTOS, 158<br \/>\n55140345<\/p>\n<p><strong>SUPERMERCADO SATMO<\/strong><br \/>\nEST. M&#8217;BOI MIRIM, 2.420<br \/>\n55151999<\/p>\n<p><strong>COMUNIDADE STA. RITA<\/strong><br \/>\nR. CRISTALINA, 410<br \/>\n55143538<\/p>\n<p><strong>UBS ZUMBI DOS PALMARES<\/strong><br \/>\nR. HUMBERTO DE ALMEIDA, 279<br \/>\n58972564<\/p>\n<p><strong>CASA POPULAR DE CULTURA DO M&#8217;BOI MIRIM<\/strong><br \/>\nR. IN\u00c1CIO DIAS DA SILVA, SN<br \/>\n55143408<\/p>\n<p><strong>IGREJA STO. ANTONIO DE SANTANA GALV\u00c3O<\/strong><br \/>\nR. SEVERINA DIAS DA ROCHA, 80<br \/>\nS\/FONE<\/p>\n<p><strong>CEI VALE ENCANTADO<\/strong><br \/>\nR. CAPITANIAS HEREDIT\u00c1RIAS, 484<br \/>\n58911877<\/p>\n<p><em>Fonte: Prefeitura de S. Paulo<\/em><\/p>\n","protected":false},"excerpt":{"rendered":"<p>O Programa Municipal de Imuniza\u00e7\u00e3o da Coordena\u00e7\u00e3o de Vigil\u00e2ncia em Sa\u00fade (COVISA), da Secretaria Municipal da Sa\u00fade, est\u00e1 organizando uma ampla mobiliza\u00e7\u00e3o dos profissionais e equipamentos da rede de sa\u00fade municipal para o f\u00e1cil acesso \u00e0 vacina\u00e7\u00e3o no per\u00edodo de 15 a 26 abril. O objetivo da Campanha Nacional de Vacina\u00e7\u00e3o Contra Influenza (gripe) \u00e9 [&hellip;]<\/p>\n","protected":false},"author":1,"featured_media":0,"comment_status":"open","ping_status":"open","sticky":false,"template":"","format":"standard","meta":{"footnotes":""},"categories":[8],"tags":[14],"class_list":["post-233","post","type-post","status-publish","format-standard","hentry","category-servicos","tag-jardim-sao-luis"],"_links":{"self":[{"href":"https:\/\/www.encontrajardimsaoluis.com.br\/noticias\/wp-json\/wp\/v2\/posts\/233","targetHints":{"allow":["GET"]}}],"collection":[{"href":"https:\/\/www.encontrajardimsaoluis.com.br\/noticias\/wp-json\/wp\/v2\/posts"}],"about":[{"href":"https:\/\/www.encontrajardimsaoluis.com.br\/noticias\/wp-json\/wp\/v2\/types\/post"}],"author":[{"embeddable":true,"href":"https:\/\/www.encontrajardimsaoluis.com.br\/noticias\/wp-json\/wp\/v2\/users\/1"}],"replies":[{"embeddable":true,"href":"https:\/\/www.encontrajardimsaoluis.com.br\/noticias\/wp-json\/wp\/v2\/comments?post=233"}],"version-history":[{"count":5,"href":"https:\/\/www.encontrajardimsaoluis.com.br\/noticias\/wp-json\/wp\/v2\/posts\/233\/revisions"}],"predecessor-version":[{"id":464,"href":"https:\/\/www.encontrajardimsaoluis.com.br\/noticias\/wp-json\/wp\/v2\/posts\/233\/revisions\/464"}],"wp:attachment":[{"href":"https:\/\/www.encontrajardimsaoluis.com.br\/noticias\/wp-json\/wp\/v2\/media?parent=233"}],"wp:term":[{"taxonomy":"category","embeddable":true,"href":"https:\/\/www.encontrajardimsaoluis.com.br\/noticias\/wp-json\/wp\/v2\/categories?post=233"},{"taxonomy":"post_tag","embeddable":true,"href":"https:\/\/www.encontrajardimsaoluis.com.br\/noticias\/wp-json\/wp\/v2\/tags?post=233"}],"curies":[{"name":"wp","href":"https:\/\/api.w.org\/{rel}","templated":true}]}}