{"id":24,"date":"2010-12-23T19:48:03","date_gmt":"2010-12-23T19:48:03","guid":{"rendered":"http:\/\/www.encontrajardimsaoluis.com.br\/noticias\/?p=24"},"modified":"2013-08-14T00:36:31","modified_gmt":"2013-08-14T03:36:31","slug":"sptrans-muda-itinerarios-de-quatro-linhas-de-onibus-no-jardim-sao-luis","status":"publish","type":"post","link":"https:\/\/www.encontrajardimsaoluis.com.br\/noticias\/sptrans-muda-itinerarios-de-quatro-linhas-de-onibus-no-jardim-sao-luis\/","title":{"rendered":"SPTrans muda itiner\u00e1rios de quatro  linhas de \u00f4nibus no Jardim S\u00e3o Luis"},"content":{"rendered":"<p>O itiner\u00e1rio de quatro linhas de \u00f4nibus no Jardim S\u00e3o Luis, na zona sul da capital paulista, foi alterado na manh\u00e3 desta quarta-feira (22). Segundo a SPTrans, empresa respons\u00e1vel pela administra\u00e7\u00e3o dos \u00f4nibus municipais, as linhas atingidas s\u00e3o as que passam pelo cruzamento entre as ruas Dr. Jo\u00e3o C\u00e9sar de Castro e Jo\u00e3o de Abreu. A medida foi tomada ap\u00f3s a Defesa Civil interditar a regi\u00e3o por volta das 2h, ap\u00f3s o transbordamento do\u00a0c\u00f3rrego da Ponte Baixa.<\/p>\n<p>As linhas que sofreram altera\u00e7\u00e3o no percurso nesta manh\u00e3 foram:<br \/>\n&#8211; 6010-10 &#8211; Ch\u00e1cara Santa Maria\/Terminal Guarapiranga;<br \/>\n&#8211; 6019-10 \u2013 Jd. Alfredo\/Terminal Guarapiranga;<br \/>\n&#8211; 6035-21 &#8211; Vila Gilda\/Terminal Guarapiranga;<br \/>\n&#8211; 6258-31 \u2013 Jd. Santa Margarida\/Jd. Ibirapuera.<\/p>\n<p>Ainda de acordo com a SPTrans, com o bloqueio das vias, os \u00f4nibus passam a rodar pelas ruas Francisco Xavier da Rocha, Jos\u00e9 Casalde, avenida N\u00f3brega Barbosa, retornando \u00e0 avenida Guarapiranga. A empresa forma que, apesar da mudan\u00e7a no itiner\u00e1rio, nenhum ponto de embarque e desembarque ficou desatendido.<\/p>\n<p><em>Fonte: R7<\/em><\/p>\n","protected":false},"excerpt":{"rendered":"<p>O itiner\u00e1rio de quatro linhas de \u00f4nibus no Jardim S\u00e3o Luis, na zona sul da capital paulista, foi alterado na manh\u00e3 desta quarta-feira (22). Segundo a SPTrans, empresa respons\u00e1vel pela administra\u00e7\u00e3o dos \u00f4nibus municipais, as linhas atingidas s\u00e3o as que passam pelo cruzamento entre as ruas Dr. Jo\u00e3o C\u00e9sar de Castro e Jo\u00e3o de Abreu. [&hellip;]<\/p>\n","protected":false},"author":1,"featured_media":0,"comment_status":"open","ping_status":"open","sticky":false,"template":"","format":"standard","meta":{"footnotes":""},"categories":[6],"tags":[14],"class_list":["post-24","post","type-post","status-publish","format-standard","hentry","category-noticias","tag-jardim-sao-luis"],"_links":{"self":[{"href":"https:\/\/www.encontrajardimsaoluis.com.br\/noticias\/wp-json\/wp\/v2\/posts\/24","targetHints":{"allow":["GET"]}}],"collection":[{"href":"https:\/\/www.encontrajardimsaoluis.com.br\/noticias\/wp-json\/wp\/v2\/posts"}],"about":[{"href":"https:\/\/www.encontrajardimsaoluis.com.br\/noticias\/wp-json\/wp\/v2\/types\/post"}],"author":[{"embeddable":true,"href":"https:\/\/www.encontrajardimsaoluis.com.br\/noticias\/wp-json\/wp\/v2\/users\/1"}],"replies":[{"embeddable":true,"href":"https:\/\/www.encontrajardimsaoluis.com.br\/noticias\/wp-json\/wp\/v2\/comments?post=24"}],"version-history":[{"count":2,"href":"https:\/\/www.encontrajardimsaoluis.com.br\/noticias\/wp-json\/wp\/v2\/posts\/24\/revisions"}],"predecessor-version":[{"id":297,"href":"https:\/\/www.encontrajardimsaoluis.com.br\/noticias\/wp-json\/wp\/v2\/posts\/24\/revisions\/297"}],"wp:attachment":[{"href":"https:\/\/www.encontrajardimsaoluis.com.br\/noticias\/wp-json\/wp\/v2\/media?parent=24"}],"wp:term":[{"taxonomy":"category","embeddable":true,"href":"https:\/\/www.encontrajardimsaoluis.com.br\/noticias\/wp-json\/wp\/v2\/categories?post=24"},{"taxonomy":"post_tag","embeddable":true,"href":"https:\/\/www.encontrajardimsaoluis.com.br\/noticias\/wp-json\/wp\/v2\/tags?post=24"}],"curies":[{"name":"wp","href":"https:\/\/api.w.org\/{rel}","templated":true}]}}