{"id":248,"date":"2013-04-30T00:03:50","date_gmt":"2013-04-30T03:03:50","guid":{"rendered":"http:\/\/www.encontrajardimsaoluis.com.br\/noticias\/?p=248"},"modified":"2013-08-14T00:36:32","modified_gmt":"2013-08-14T03:36:32","slug":"em-plena-luz-do-dia-jovem-e-baleado-e-morre-no-jardim-sao-luis","status":"publish","type":"post","link":"https:\/\/www.encontrajardimsaoluis.com.br\/noticias\/em-plena-luz-do-dia-jovem-e-baleado-e-morre-no-jardim-sao-luis\/","title":{"rendered":"Em plena luz do dia, jovem \u00e9 baleado e morre no Jardim S\u00e3o Luis"},"content":{"rendered":"<p>Um jovem de 18 anos foi baleado por volta das 17h30 deste domingo (28) no bairro Jardim S\u00e3o Lu\u00eds, na zona sul de SP.\u00a0 A v\u00edtima estava numa escadaria quando dois homens chegaram atirando. Ele n\u00e3o teve chance de defesa.\u00a0A a\u00e7\u00e3o dos criminosos foi r\u00e1pida e em plena luz do dia.<\/p>\n<p>Segundo a pol\u00edcia, o local funciona com um ponto de venda de droga. A fam\u00edlia do jovem confirmou que ele era usu\u00e1rio de entorpecentes.<\/p>\n<p>Ningu\u00e9m foi detido. Outras tr\u00eas pessoas tamb\u00e9m ficaram feridas na ocorr\u00eancia, uma delas, seria o presidente da associa\u00e7\u00e3o de moradores do bairro.<\/p>\n<p><em>Fonte: R7.com<\/em><\/p>\n","protected":false},"excerpt":{"rendered":"<p>Um jovem de 18 anos foi baleado por volta das 17h30 deste domingo (28) no bairro Jardim S\u00e3o Lu\u00eds, na zona sul de SP.\u00a0 A v\u00edtima estava numa escadaria quando dois homens chegaram atirando. Ele n\u00e3o teve chance de defesa.\u00a0A a\u00e7\u00e3o dos criminosos foi r\u00e1pida e em plena luz do dia. Segundo a pol\u00edcia, o [&hellip;]<\/p>\n","protected":false},"author":1,"featured_media":0,"comment_status":"open","ping_status":"open","sticky":false,"template":"","format":"standard","meta":{"footnotes":""},"categories":[6],"tags":[14],"class_list":["post-248","post","type-post","status-publish","format-standard","hentry","category-noticias","tag-jardim-sao-luis"],"_links":{"self":[{"href":"https:\/\/www.encontrajardimsaoluis.com.br\/noticias\/wp-json\/wp\/v2\/posts\/248","targetHints":{"allow":["GET"]}}],"collection":[{"href":"https:\/\/www.encontrajardimsaoluis.com.br\/noticias\/wp-json\/wp\/v2\/posts"}],"about":[{"href":"https:\/\/www.encontrajardimsaoluis.com.br\/noticias\/wp-json\/wp\/v2\/types\/post"}],"author":[{"embeddable":true,"href":"https:\/\/www.encontrajardimsaoluis.com.br\/noticias\/wp-json\/wp\/v2\/users\/1"}],"replies":[{"embeddable":true,"href":"https:\/\/www.encontrajardimsaoluis.com.br\/noticias\/wp-json\/wp\/v2\/comments?post=248"}],"version-history":[{"count":7,"href":"https:\/\/www.encontrajardimsaoluis.com.br\/noticias\/wp-json\/wp\/v2\/posts\/248\/revisions"}],"predecessor-version":[{"id":344,"href":"https:\/\/www.encontrajardimsaoluis.com.br\/noticias\/wp-json\/wp\/v2\/posts\/248\/revisions\/344"}],"wp:attachment":[{"href":"https:\/\/www.encontrajardimsaoluis.com.br\/noticias\/wp-json\/wp\/v2\/media?parent=248"}],"wp:term":[{"taxonomy":"category","embeddable":true,"href":"https:\/\/www.encontrajardimsaoluis.com.br\/noticias\/wp-json\/wp\/v2\/categories?post=248"},{"taxonomy":"post_tag","embeddable":true,"href":"https:\/\/www.encontrajardimsaoluis.com.br\/noticias\/wp-json\/wp\/v2\/tags?post=248"}],"curies":[{"name":"wp","href":"https:\/\/api.w.org\/{rel}","templated":true}]}}