{"id":255,"date":"2013-05-09T16:25:48","date_gmt":"2013-05-09T19:25:48","guid":{"rendered":"http:\/\/www.encontrajardimsaoluis.com.br\/noticias\/?p=255"},"modified":"2013-08-14T00:37:21","modified_gmt":"2013-08-14T03:37:21","slug":"jardim-sao-luis-recebe-a-noite-dos-tambores","status":"publish","type":"post","link":"https:\/\/www.encontrajardimsaoluis.com.br\/noticias\/jardim-sao-luis-recebe-a-noite-dos-tambores\/","title":{"rendered":"Jardim S\u00e3o Lu\u00eds recebe a Noite dos Tambores"},"content":{"rendered":"<p>A Casa de Cultura do M\u2019Boi Mirim promove a\u00a0\u201cNoite dos Tambores\u201d, uma noite com muita m\u00fasica afro-brasileira, sexta-feira, dia 10 de maio, a partir das 19h, a programa\u00e7\u00e3o continua no s\u00e1bado e no domingo. A entrada \u00e9 livre.<\/p>\n<p>O evento no bairro Jardim S\u00e3o Lu\u00eds come\u00e7a com uma conversa com o\u00a0Prof. Dr. Salloma Salom\u00e3o, que vai falar sobre a\u00a0\u201cHist\u00f3ria dos Tambores\u201d, sua origem e peculiaridades, passando tamb\u00e9m por sua import\u00e2ncia para a m\u00fasica. O encontro ter\u00e1 a exposi\u00e7\u00e3o\u00a0\u201cTambores\u201d, que foi produzida pelo\u00a0Instituto Tambor. O\u00a0Afrox\u00e9 Omo Dad\u00e1, grupo que abre o desfile das escolas de samba do Grupo Especial, iniciar\u00e1 a parte musical da noite. O palco receber\u00e1 ainda os\u00a0Arturos, a\u00a0Bateria da Escola de Samba Estrela do 3\u00b0 Mil\u00eanio, o\u00a0Grupo Cupua\u00e7u,\u00a0\u00c9 Di Santo,\u00a0Jongo de Piquete,\u00a0Bongar\u00a0e\u00a0Samba de Chula de S\u00e3o Braz.<\/p>\n<p>Al\u00e9m dos grupos\u00a0MC Levy\u00a0participa como ator e voz e\u00a0DJ Bad\u00e9\u00a0anima a festa nos intervalos.<\/p>\n<p>A \u201cNoite dos Tambores\u201d \u00e9 realizada pelo Sesc em parceria com o grupo Umoja, e reunir\u00e1 diferentes express\u00f5es percussivas, trazendo toda musicalidade exprimida do instrumento.<\/p>\n<p>Confira abaixo a programa\u00e7\u00e3o completa:<\/p>\n<p><strong>10\/05<\/strong><\/p>\n<p>19h &#8211;\u00a0A Hist\u00f3ria dos Tambores com o Professor Doutor Salloma Salom\u00e3o.<\/p>\n<p>M\u00fasica<\/p>\n<p>20h \u2013 Trovoada de Maracatu\u00a0com\u00a0Umoj\u00e1\u00a0(SP).<\/p>\n<p>21h \u2013 Afox\u00e9 Omo Dad\u00e1 (SP)<\/p>\n<p>22h \u2013 Bateria da Escola de Samba do 3\u00ba Mil\u00eanio (SP)<\/p>\n<p>23h \u2013 Os Arturos (MG)<\/p>\n<p><strong>11\/05<\/strong><\/p>\n<p>M\u00fasica<\/p>\n<p>0h05 \u2013 Grupo Cupua\u00e7u (SP)<\/p>\n<p>1h \u2013 \u00c9 Di Santo (SP)<\/p>\n<p>2h \u2013 Jongo de Piquete (SP)<\/p>\n<p>3h \u2013 Bongar (PE)<\/p>\n<p>4h e 17h \u2013 Samba de Chula de S\u00e3o Braz (BA)<\/p>\n<p>Aulas Abertas<\/p>\n<p>13h \u2013 Samba de Chula de S\u00e3o Braz (BA)<br \/>\nO Samba de Chula de S\u00e3o Braz faz parte da hist\u00f3ria do Samba de Roda do Rec\u00f4ncavo Baiano, tombado como patrim\u00f4nio imaterial da humanidade desde o ano de 2005. O grupo representa com talento e espontaneidade a tradi\u00e7\u00e3o oral do samba de roda da Bahia.<\/p>\n<p><strong>12\/05<\/strong><\/p>\n<p>12h e 14h \u2013 Bongar (Encontra PE)<\/p>\n<p><strong>Servi\u00e7o<\/strong><\/p>\n<p>Noite dos Tambores<\/p>\n<p>Datas: 10, 11 e 12 de maio de 2013<\/p>\n<p>Hor\u00e1rios: 19h \u00e0s 23h59 (sexta); 0h00 \u00e0s 5h, 13h e 17h (s\u00e1bado); 12h e 14h (domingo)<\/p>\n<p>Local:\u00a0Casa de Cultura M&#8217;Boi Mirim<\/p>\n<p>Endere\u00e7o:\u00a0Avenida In\u00e1cio Dias da Silva , s\/n\u00ba &#8211; (altura do n\u00b0 100 da Estrada M\u00b4Boi Mirim)<\/p>\n<p>Telefones:\u00a0(11) 5514-3408 \/ (11) 8560-6042<\/p>\n<p>Blog:\u00a0http:\/\/cpcmboi.blogspot.com.br\/<\/p>\n<p><em>Fonte: Catraca Livre<\/em><\/p>\n","protected":false},"excerpt":{"rendered":"<p>A Casa de Cultura do M\u2019Boi Mirim promove a\u00a0\u201cNoite dos Tambores\u201d, uma noite com muita m\u00fasica afro-brasileira, sexta-feira, dia 10 de maio, a partir das 19h, a programa\u00e7\u00e3o continua no s\u00e1bado e no domingo. A entrada \u00e9 livre. O evento no bairro Jardim S\u00e3o Lu\u00eds come\u00e7a com uma conversa com o\u00a0Prof. Dr. Salloma Salom\u00e3o, que [&hellip;]<\/p>\n","protected":false},"author":1,"featured_media":0,"comment_status":"open","ping_status":"open","sticky":false,"template":"","format":"standard","meta":{"footnotes":""},"categories":[5],"tags":[14],"class_list":["post-255","post","type-post","status-publish","format-standard","hentry","category-eventos","tag-jardim-sao-luis"],"_links":{"self":[{"href":"https:\/\/www.encontrajardimsaoluis.com.br\/noticias\/wp-json\/wp\/v2\/posts\/255","targetHints":{"allow":["GET"]}}],"collection":[{"href":"https:\/\/www.encontrajardimsaoluis.com.br\/noticias\/wp-json\/wp\/v2\/posts"}],"about":[{"href":"https:\/\/www.encontrajardimsaoluis.com.br\/noticias\/wp-json\/wp\/v2\/types\/post"}],"author":[{"embeddable":true,"href":"https:\/\/www.encontrajardimsaoluis.com.br\/noticias\/wp-json\/wp\/v2\/users\/1"}],"replies":[{"embeddable":true,"href":"https:\/\/www.encontrajardimsaoluis.com.br\/noticias\/wp-json\/wp\/v2\/comments?post=255"}],"version-history":[{"count":5,"href":"https:\/\/www.encontrajardimsaoluis.com.br\/noticias\/wp-json\/wp\/v2\/posts\/255\/revisions"}],"predecessor-version":[{"id":467,"href":"https:\/\/www.encontrajardimsaoluis.com.br\/noticias\/wp-json\/wp\/v2\/posts\/255\/revisions\/467"}],"wp:attachment":[{"href":"https:\/\/www.encontrajardimsaoluis.com.br\/noticias\/wp-json\/wp\/v2\/media?parent=255"}],"wp:term":[{"taxonomy":"category","embeddable":true,"href":"https:\/\/www.encontrajardimsaoluis.com.br\/noticias\/wp-json\/wp\/v2\/categories?post=255"},{"taxonomy":"post_tag","embeddable":true,"href":"https:\/\/www.encontrajardimsaoluis.com.br\/noticias\/wp-json\/wp\/v2\/tags?post=255"}],"curies":[{"name":"wp","href":"https:\/\/api.w.org\/{rel}","templated":true}]}}