{"id":284,"date":"2013-08-06T10:35:50","date_gmt":"2013-08-06T13:35:50","guid":{"rendered":"http:\/\/www.encontrajardimsaoluis.com.br\/noticias\/?p=284"},"modified":"2013-08-06T10:35:50","modified_gmt":"2013-08-06T13:35:50","slug":"jardim-sao-luis-recebe-quinto-sarau-litero-dramatico-e-musical","status":"publish","type":"post","link":"https:\/\/www.encontrajardimsaoluis.com.br\/noticias\/jardim-sao-luis-recebe-quinto-sarau-litero-dramatico-e-musical\/","title":{"rendered":"Jardim S\u00e3o Lu\u00eds recebe Quinto Sarau L\u00edtero Dram\u00e1tico e Musical"},"content":{"rendered":"<p>O 5\u00b0 Sarau L\u00edtero Dram\u00e1tico e Musical da F\u00e1brica de Cultura Jardim S\u00e3o Lu\u00eds, acontece mensalmente com a participa\u00e7\u00e3o de arte-educadores, artistas locais e quem mais se interessar.<\/p>\n<p>O evento \u00e9 direcionado para pessoas de todas as idades, com a participa\u00e7\u00e3o de atores, poetas, contadores e m\u00fasicos.<\/p>\n<p>Venha desfrutar de momentos agrad\u00e1veis em ambiente descontra\u00eddo com coordena\u00e7\u00e3o de Guilherme Bonfim.<\/p>\n<p><strong>Saiba mais: <\/strong><br \/>\n<strong>O que:<\/strong> 5\u00b0 Sarau L\u00edtero Dram\u00e1tico e Musical<br \/>\n<strong>Quando:<\/strong> Agosto &#8211; 10 \u2013 S\u00e1bado \u2013 \u00e0s 18h<br \/>\n<strong>Local:<\/strong> F\u00e1brica de Cultura Jardim S\u00e3o Lu\u00eds \u2013 Multiuso<br \/>\n<strong>Endere\u00e7o:<\/strong> Rua Ant\u00f4nio Ramos Rosa, 651 &#8211; S\u00e3o Paulo &#8211; SP<br \/>\n<strong>Informa\u00e7\u00f5es:<\/strong> (11) 5510-5530<br \/>\n<strong>Hor\u00e1rio de funcionamento:<\/strong> ter\u00e7a a sexta das 9h \u00e0s 17h. S\u00e1bados e domingos: consulte nossa programa\u00e7\u00e3o<\/p>\n<p><em>Fonte: F\u00e1brica de Cultura Jardim S\u00e3o Lu\u00eds<\/em><\/p>\n","protected":false},"excerpt":{"rendered":"<p>O 5\u00b0 Sarau L\u00edtero Dram\u00e1tico e Musical da F\u00e1brica de Cultura Jardim S\u00e3o Lu\u00eds, acontece mensalmente com a participa\u00e7\u00e3o de arte-educadores, artistas locais e quem mais se interessar. O evento \u00e9 direcionado para pessoas de todas as idades, com a participa\u00e7\u00e3o de atores, poetas, contadores e m\u00fasicos. Venha desfrutar de momentos agrad\u00e1veis em ambiente descontra\u00eddo [&hellip;]<\/p>\n","protected":false},"author":1,"featured_media":0,"comment_status":"open","ping_status":"open","sticky":false,"template":"","format":"standard","meta":{"footnotes":""},"categories":[6],"tags":[],"class_list":["post-284","post","type-post","status-publish","format-standard","hentry","category-noticias"],"_links":{"self":[{"href":"https:\/\/www.encontrajardimsaoluis.com.br\/noticias\/wp-json\/wp\/v2\/posts\/284","targetHints":{"allow":["GET"]}}],"collection":[{"href":"https:\/\/www.encontrajardimsaoluis.com.br\/noticias\/wp-json\/wp\/v2\/posts"}],"about":[{"href":"https:\/\/www.encontrajardimsaoluis.com.br\/noticias\/wp-json\/wp\/v2\/types\/post"}],"author":[{"embeddable":true,"href":"https:\/\/www.encontrajardimsaoluis.com.br\/noticias\/wp-json\/wp\/v2\/users\/1"}],"replies":[{"embeddable":true,"href":"https:\/\/www.encontrajardimsaoluis.com.br\/noticias\/wp-json\/wp\/v2\/comments?post=284"}],"version-history":[{"count":1,"href":"https:\/\/www.encontrajardimsaoluis.com.br\/noticias\/wp-json\/wp\/v2\/posts\/284\/revisions"}],"predecessor-version":[{"id":285,"href":"https:\/\/www.encontrajardimsaoluis.com.br\/noticias\/wp-json\/wp\/v2\/posts\/284\/revisions\/285"}],"wp:attachment":[{"href":"https:\/\/www.encontrajardimsaoluis.com.br\/noticias\/wp-json\/wp\/v2\/media?parent=284"}],"wp:term":[{"taxonomy":"category","embeddable":true,"href":"https:\/\/www.encontrajardimsaoluis.com.br\/noticias\/wp-json\/wp\/v2\/categories?post=284"},{"taxonomy":"post_tag","embeddable":true,"href":"https:\/\/www.encontrajardimsaoluis.com.br\/noticias\/wp-json\/wp\/v2\/tags?post=284"}],"curies":[{"name":"wp","href":"https:\/\/api.w.org\/{rel}","templated":true}]}}