{"id":475,"date":"2013-09-23T00:29:55","date_gmt":"2013-09-23T03:29:55","guid":{"rendered":"http:\/\/www.encontrajardimsaoluis.com.br\/noticias\/?p=475"},"modified":"2013-09-22T22:32:37","modified_gmt":"2013-09-23T01:32:37","slug":"fabrica-de-cultura-do-jardim-sao-luis-realiza-projeto-hora-do-conto","status":"publish","type":"post","link":"https:\/\/www.encontrajardimsaoluis.com.br\/noticias\/fabrica-de-cultura-do-jardim-sao-luis-realiza-projeto-hora-do-conto\/","title":{"rendered":"F\u00e1brica de Cultura do Jardim S\u00e3o Luis realiza projeto Hora do Conto"},"content":{"rendered":"<p>Na pr\u00f3xima quarta-feira (25), a F\u00e1brica de Cultura do Jardim S\u00e3o Luis realiza o projeto Hora do Conto. O projeto ser\u00e1 realizado pelos profissionais Com Lescia Jatob\u00e1 e Alexsandra Egito.<\/p>\n<p>Venha se divertir com fant\u00e1sticas hist\u00f3rias da literatura, viajar pelos encantos dos contos de fadas e das f\u00e1bulas,\u00a0se emocionar e dar boas risadas com contos e cr\u00f4nicas que retratam o nosso cotidiano.<\/p>\n<p>&nbsp;<\/p>\n<p><strong>Servi\u00e7o:<\/strong><\/p>\n<p><strong>O que:<\/strong> Hora do Conto<br \/>\n<strong>Quando: <\/strong>Dia 25 \u2013 Quarta-feira \u2013 \u00e0s 10h<br \/>\n<strong>Local:<\/strong> F\u00e1brica de Cultura do Jardim S\u00e3o Lu\u00eds<br \/>\n<strong>Endere\u00e7o:<\/strong> Rua Ant\u00f4nio Ramos Rosa, 651<br \/>\n<strong>Informa\u00e7\u00f5es:<\/strong> (11) 5510-5530<\/p>\n","protected":false},"excerpt":{"rendered":"<p>Na pr\u00f3xima quarta-feira (25), a F\u00e1brica de Cultura do Jardim S\u00e3o Luis realiza o projeto Hora do Conto. O projeto ser\u00e1 realizado pelos profissionais Com Lescia Jatob\u00e1 e Alexsandra Egito. Venha se divertir com fant\u00e1sticas hist\u00f3rias da literatura, viajar pelos encantos dos contos de fadas e das f\u00e1bulas,\u00a0se emocionar e dar boas risadas com contos [&hellip;]<\/p>\n","protected":false},"author":1,"featured_media":0,"comment_status":"open","ping_status":"open","sticky":false,"template":"","format":"standard","meta":{"footnotes":""},"categories":[6],"tags":[],"class_list":["post-475","post","type-post","status-publish","format-standard","hentry","category-noticias"],"_links":{"self":[{"href":"https:\/\/www.encontrajardimsaoluis.com.br\/noticias\/wp-json\/wp\/v2\/posts\/475","targetHints":{"allow":["GET"]}}],"collection":[{"href":"https:\/\/www.encontrajardimsaoluis.com.br\/noticias\/wp-json\/wp\/v2\/posts"}],"about":[{"href":"https:\/\/www.encontrajardimsaoluis.com.br\/noticias\/wp-json\/wp\/v2\/types\/post"}],"author":[{"embeddable":true,"href":"https:\/\/www.encontrajardimsaoluis.com.br\/noticias\/wp-json\/wp\/v2\/users\/1"}],"replies":[{"embeddable":true,"href":"https:\/\/www.encontrajardimsaoluis.com.br\/noticias\/wp-json\/wp\/v2\/comments?post=475"}],"version-history":[{"count":2,"href":"https:\/\/www.encontrajardimsaoluis.com.br\/noticias\/wp-json\/wp\/v2\/posts\/475\/revisions"}],"predecessor-version":[{"id":477,"href":"https:\/\/www.encontrajardimsaoluis.com.br\/noticias\/wp-json\/wp\/v2\/posts\/475\/revisions\/477"}],"wp:attachment":[{"href":"https:\/\/www.encontrajardimsaoluis.com.br\/noticias\/wp-json\/wp\/v2\/media?parent=475"}],"wp:term":[{"taxonomy":"category","embeddable":true,"href":"https:\/\/www.encontrajardimsaoluis.com.br\/noticias\/wp-json\/wp\/v2\/categories?post=475"},{"taxonomy":"post_tag","embeddable":true,"href":"https:\/\/www.encontrajardimsaoluis.com.br\/noticias\/wp-json\/wp\/v2\/tags?post=475"}],"curies":[{"name":"wp","href":"https:\/\/api.w.org\/{rel}","templated":true}]}}