{"id":481,"date":"2013-10-14T01:51:12","date_gmt":"2013-10-14T04:51:12","guid":{"rendered":"http:\/\/www.encontrajardimsaoluis.com.br\/noticias\/?p=481"},"modified":"2013-10-07T11:54:57","modified_gmt":"2013-10-07T14:54:57","slug":"peca-memorias-de-um-sargento-de-milicias-e-atracao-no-jardim-sao-luis","status":"publish","type":"post","link":"https:\/\/www.encontrajardimsaoluis.com.br\/noticias\/peca-memorias-de-um-sargento-de-milicias-e-atracao-no-jardim-sao-luis\/","title":{"rendered":"Pe\u00e7a Mem\u00f3rias de Um Sargento de Mil\u00edcias \u00e9 atra\u00e7\u00e3o no Jardim S\u00e3o Luis"},"content":{"rendered":"<p>O espet\u00e1culo Mem\u00f3rias de Um Sargento de Mil\u00edcias ser\u00e1 atra\u00e7\u00e3o na F\u00e1brica de Cultura do Jardim S\u00e3o Luis nos dias 16 e 18 , quarta e sexta \u00e0s 10h e no dia 17 , quinta \u00e0s 10h e 20 horas.<\/p>\n<p><strong>Sobre o espet\u00e1culo:<\/strong><\/p>\n<p>A Cia Realce leva para o palco o cl\u00e1ssico dos vestibulares \u2018Mem\u00f3rias de Um Sargento de Mil\u00edcias\u2019, obra de Manuel Ant\u00f4nio de Almeida, com um trabalho cuidadoso de pesquisa envolvendo adapta\u00e7\u00e3o, cria\u00e7\u00e3o de figurinos e cen\u00e1rios, para fidelidade a este romance publicado em 1854.<\/p>\n<p><strong>Servi\u00e7o:<\/strong><\/p>\n<p><strong>O que:<\/strong> Mem\u00f3rias de Um Sargento de Mil\u00edcias<br \/>\n<strong>Quando: <\/strong>Dias 16 e 18 \u2013 Quarta e Sexta \u2013 10h e Dia 17 \u2013 Quinta \u2013 10h e 20h<br \/>\n<strong>Local:<\/strong> F\u00e1brica de Cultura do Jardim S\u00e3o Lu\u00eds<br \/>\n<strong>Endere\u00e7o:<\/strong> Rua Ant\u00f4nio Ramos Rosa, 651<br \/>\n<strong>Informa\u00e7\u00f5es:<\/strong> (11) 5510-5530<\/p>\n","protected":false},"excerpt":{"rendered":"<p>O espet\u00e1culo Mem\u00f3rias de Um Sargento de Mil\u00edcias ser\u00e1 atra\u00e7\u00e3o na F\u00e1brica de Cultura do Jardim S\u00e3o Luis nos dias 16 e 18 , quarta e sexta \u00e0s 10h e no dia 17 , quinta \u00e0s 10h e 20 horas. Sobre o espet\u00e1culo: A Cia Realce leva para o palco o cl\u00e1ssico dos vestibulares \u2018Mem\u00f3rias [&hellip;]<\/p>\n","protected":false},"author":1,"featured_media":0,"comment_status":"open","ping_status":"open","sticky":false,"template":"","format":"standard","meta":{"footnotes":""},"categories":[6],"tags":[],"class_list":["post-481","post","type-post","status-publish","format-standard","hentry","category-noticias"],"_links":{"self":[{"href":"https:\/\/www.encontrajardimsaoluis.com.br\/noticias\/wp-json\/wp\/v2\/posts\/481","targetHints":{"allow":["GET"]}}],"collection":[{"href":"https:\/\/www.encontrajardimsaoluis.com.br\/noticias\/wp-json\/wp\/v2\/posts"}],"about":[{"href":"https:\/\/www.encontrajardimsaoluis.com.br\/noticias\/wp-json\/wp\/v2\/types\/post"}],"author":[{"embeddable":true,"href":"https:\/\/www.encontrajardimsaoluis.com.br\/noticias\/wp-json\/wp\/v2\/users\/1"}],"replies":[{"embeddable":true,"href":"https:\/\/www.encontrajardimsaoluis.com.br\/noticias\/wp-json\/wp\/v2\/comments?post=481"}],"version-history":[{"count":2,"href":"https:\/\/www.encontrajardimsaoluis.com.br\/noticias\/wp-json\/wp\/v2\/posts\/481\/revisions"}],"predecessor-version":[{"id":483,"href":"https:\/\/www.encontrajardimsaoluis.com.br\/noticias\/wp-json\/wp\/v2\/posts\/481\/revisions\/483"}],"wp:attachment":[{"href":"https:\/\/www.encontrajardimsaoluis.com.br\/noticias\/wp-json\/wp\/v2\/media?parent=481"}],"wp:term":[{"taxonomy":"category","embeddable":true,"href":"https:\/\/www.encontrajardimsaoluis.com.br\/noticias\/wp-json\/wp\/v2\/categories?post=481"},{"taxonomy":"post_tag","embeddable":true,"href":"https:\/\/www.encontrajardimsaoluis.com.br\/noticias\/wp-json\/wp\/v2\/tags?post=481"}],"curies":[{"name":"wp","href":"https:\/\/api.w.org\/{rel}","templated":true}]}}