{"id":485,"date":"2013-10-10T15:02:47","date_gmt":"2013-10-10T18:02:47","guid":{"rendered":"http:\/\/www.encontrajardimsaoluis.com.br\/noticias\/?p=485"},"modified":"2013-10-10T15:02:47","modified_gmt":"2013-10-10T18:02:47","slug":"jardim-sao-luis-ceu-casa-blanca-recebe-ii-forum-social-sao-paulo-2013","status":"publish","type":"post","link":"https:\/\/www.encontrajardimsaoluis.com.br\/noticias\/jardim-sao-luis-ceu-casa-blanca-recebe-ii-forum-social-sao-paulo-2013\/","title":{"rendered":"Jardim S\u00e3o Luis: CEU Casa Blanca recebe II F\u00f3rum Social S\u00e3o Paulo 2013"},"content":{"rendered":"<p>O II F\u00f3rum Social S\u00e3o Paulo 2013 ser\u00e1 no CEU Casa Blanca, vamos mobilizar todos os coletivos art\u00edsticos, sociais, autogestionados da nossa regi\u00e3o, vamos juntar todo o peso da periferia da sul e montar um grande mapeamento de inciativas da nossa regi\u00e3o (M&#8217;Boi Mirim, Campo Limpo, Cap\u00e3o Redondo, Jardim S\u00e3o Luis, Fund\u00e3o da Sul, Extremo Sul e todas as muitas \u00e1reas cheias de iniciativa que temos por aqui e nas outras regi\u00f5es da cidade e da grande S\u00e3o Paulo).<\/p>\n<p><strong>Venha contar:<\/strong><br \/>\n&#8211; O que voc\u00ea faz;<br \/>\n&#8211; Como voc\u00ea enfrenta o capital em SP;<br \/>\n&#8211; Como fazer para que o direito das pessoas seja respeitado;<br \/>\n&#8211; Como voc\u00ea se articula em S\u00e3o Paulo.<br \/>\nVenha Ouvir:<br \/>\n&#8211; O que as pessoas est\u00e3o fazendo;<br \/>\n&#8211; Como os coletivos est\u00e3o articulados para lutar contra o poder do capital em S\u00e3o Paulo.<\/p>\n<p><strong>Venha Conhecer:<\/strong><br \/>\n&#8211; Parceiros que voc\u00ea pode ter em sua luta;<br \/>\n&#8211; As diversas formas de articula\u00e7\u00e3o em S\u00e3o Paulo;<\/p>\n<p>Grupos Art\u00edsticos, coletivos e organiza\u00e7\u00f5es sociais podem se inscrever gratuitamente no site: forumsocialsp.org.br\/iscricoes-para-atividades-do-fssp-2013\/<\/p>\n<p>Mais informa\u00e7\u00f5es na p\u00e1gina: agesocial.com.br\/2013\/10\/04\/abertas-as-inscricoes-para-o-ii-forum-social-de-sao-paulo\/<\/p>\n","protected":false},"excerpt":{"rendered":"<p>O II F\u00f3rum Social S\u00e3o Paulo 2013 ser\u00e1 no CEU Casa Blanca, vamos mobilizar todos os coletivos art\u00edsticos, sociais, autogestionados da nossa regi\u00e3o, vamos juntar todo o peso da periferia da sul e montar um grande mapeamento de inciativas da nossa regi\u00e3o (M&#8217;Boi Mirim, Campo Limpo, Cap\u00e3o Redondo, Jardim S\u00e3o Luis, Fund\u00e3o da Sul, Extremo [&hellip;]<\/p>\n","protected":false},"author":1,"featured_media":0,"comment_status":"open","ping_status":"open","sticky":false,"template":"","format":"standard","meta":{"footnotes":""},"categories":[6],"tags":[],"class_list":["post-485","post","type-post","status-publish","format-standard","hentry","category-noticias"],"_links":{"self":[{"href":"https:\/\/www.encontrajardimsaoluis.com.br\/noticias\/wp-json\/wp\/v2\/posts\/485","targetHints":{"allow":["GET"]}}],"collection":[{"href":"https:\/\/www.encontrajardimsaoluis.com.br\/noticias\/wp-json\/wp\/v2\/posts"}],"about":[{"href":"https:\/\/www.encontrajardimsaoluis.com.br\/noticias\/wp-json\/wp\/v2\/types\/post"}],"author":[{"embeddable":true,"href":"https:\/\/www.encontrajardimsaoluis.com.br\/noticias\/wp-json\/wp\/v2\/users\/1"}],"replies":[{"embeddable":true,"href":"https:\/\/www.encontrajardimsaoluis.com.br\/noticias\/wp-json\/wp\/v2\/comments?post=485"}],"version-history":[{"count":1,"href":"https:\/\/www.encontrajardimsaoluis.com.br\/noticias\/wp-json\/wp\/v2\/posts\/485\/revisions"}],"predecessor-version":[{"id":486,"href":"https:\/\/www.encontrajardimsaoluis.com.br\/noticias\/wp-json\/wp\/v2\/posts\/485\/revisions\/486"}],"wp:attachment":[{"href":"https:\/\/www.encontrajardimsaoluis.com.br\/noticias\/wp-json\/wp\/v2\/media?parent=485"}],"wp:term":[{"taxonomy":"category","embeddable":true,"href":"https:\/\/www.encontrajardimsaoluis.com.br\/noticias\/wp-json\/wp\/v2\/categories?post=485"},{"taxonomy":"post_tag","embeddable":true,"href":"https:\/\/www.encontrajardimsaoluis.com.br\/noticias\/wp-json\/wp\/v2\/tags?post=485"}],"curies":[{"name":"wp","href":"https:\/\/api.w.org\/{rel}","templated":true}]}}