{"id":488,"date":"2013-10-23T12:28:01","date_gmt":"2013-10-23T15:28:01","guid":{"rendered":"http:\/\/www.encontrajardimsaoluis.com.br\/noticias\/?p=488"},"modified":"2013-10-23T12:28:01","modified_gmt":"2013-10-23T15:28:01","slug":"mano-brown-e-destaque-da-6a-mostra-cultural-da-cooperifa-na-fabrica-de-cultura-jardim-sao-luis","status":"publish","type":"post","link":"https:\/\/www.encontrajardimsaoluis.com.br\/noticias\/mano-brown-e-destaque-da-6a-mostra-cultural-da-cooperifa-na-fabrica-de-cultura-jardim-sao-luis\/","title":{"rendered":"Mano Brown \u00e9 destaque da 6\u00aa Mostra Cultural da Cooperifa na F\u00e1brica de Cultura Jardim S\u00e3o Lu\u00eds"},"content":{"rendered":"<p>O programa F\u00e1bricas de Cultura do Governo do Estado de S\u00e3o Paulo, administrado pela POIESIS \u2013 Instituto de Apoio \u00e0 Cultura, \u00e0 L\u00edngua e \u00e0 Literatura, apresenta no dia 26 de outubro, \u00e0s 20h, show solo do rapper Mano Brown na F\u00e1brica de Cultura Jardim S\u00e3o Lu\u00eds.<\/p>\n<p>Um dos nomes de maior destaque do rap nacional, Mano Brown \u00e9 vocalista dos Racionais MC\u2019s, grupo nascido na cidade de S\u00e3o Paulo no fim dos anos 80 e formado por Ice Blue, Edi Rock e KL Jay. Suas m\u00fasicas retratam a realidade da periferia da grande cidade.<\/p>\n<p>Mano Brown se destacou com sucessos como Vida Loka parte I e II, Da Ponte pra C\u00e1, T\u00f4 Ouvindo Algu\u00e9m me Chamar, Di\u00e1rio de um Detento, Homem na Estrada, Jesus Chorou, Negro Drama, P\u00e2nico na Zona Sul, entre outros.<\/p>\n<p>O evento faz parte da 6\u00aa Mostra Cultural da Cooperifa (Cooperativa Cultural da Periferia), que acontece entre os dias 19 e 27 de outubro, em v\u00e1rios endere\u00e7os da capital paulista. As atividades priorizam espa\u00e7os p\u00fablicos de forma\u00e7\u00e3o como escolas e centros populares. A ideia \u00e9 consagrar um dia para cada uma das linguagens art\u00edsticas produzidas pela periferia de S\u00e3o Paulo, com a inclus\u00e3o no programa de produ\u00e7\u00f5es art\u00edsticas e reflex\u00f5es sobre literatura, arte, cultura e cidadania.<\/p>\n<p>Al\u00e9m do dia 26, a F\u00e1brica de Cultura Jardim S\u00e3o Lu\u00eds tamb\u00e9m receber\u00e1 a Mostra Cooperifa no dia 20 com o debate Literatura das Ruas com S\u00e9rgio Vaz, Marcelino Freire e J\u00falio Ludemir, al\u00e9m dos shows do Rapper PX, Grupo NSN e Banda 4\u00aa Feira de Cinzas.<\/p>\n<p>A entrada para o show \u00e9 gratuita e a retirada dos convites acontecer\u00e1 duas horas antes da apresenta\u00e7\u00e3o. O show acontecer\u00e1 em um palco especial localizado na \u00e1rea interna da unidade. A lota\u00e7\u00e3o \u00e9 de 2000 pessoas.<\/p>\n<p><b>F\u00e1brica de Cultura Jardim S\u00e3o Lu\u00eds<br \/>\n<\/b>Rua Ant\u00f4nio Ramos Rosa, 651. Tel: (11) 5510-5530.<br \/>\nHor\u00e1rio de funcionamento: ter\u00e7a a sexta das 9h \u00e0s 17h.<br \/>\nS\u00e1bados e domingos: consulte nossa programa\u00e7\u00e3o.<\/p>\n","protected":false},"excerpt":{"rendered":"<p>O programa F\u00e1bricas de Cultura do Governo do Estado de S\u00e3o Paulo, administrado pela POIESIS \u2013 Instituto de Apoio \u00e0 Cultura, \u00e0 L\u00edngua e \u00e0 Literatura, apresenta no dia 26 de outubro, \u00e0s 20h, show solo do rapper Mano Brown na F\u00e1brica de Cultura Jardim S\u00e3o Lu\u00eds. Um dos nomes de maior destaque do rap [&hellip;]<\/p>\n","protected":false},"author":1,"featured_media":0,"comment_status":"open","ping_status":"open","sticky":false,"template":"","format":"standard","meta":{"footnotes":""},"categories":[6],"tags":[],"class_list":["post-488","post","type-post","status-publish","format-standard","hentry","category-noticias"],"_links":{"self":[{"href":"https:\/\/www.encontrajardimsaoluis.com.br\/noticias\/wp-json\/wp\/v2\/posts\/488","targetHints":{"allow":["GET"]}}],"collection":[{"href":"https:\/\/www.encontrajardimsaoluis.com.br\/noticias\/wp-json\/wp\/v2\/posts"}],"about":[{"href":"https:\/\/www.encontrajardimsaoluis.com.br\/noticias\/wp-json\/wp\/v2\/types\/post"}],"author":[{"embeddable":true,"href":"https:\/\/www.encontrajardimsaoluis.com.br\/noticias\/wp-json\/wp\/v2\/users\/1"}],"replies":[{"embeddable":true,"href":"https:\/\/www.encontrajardimsaoluis.com.br\/noticias\/wp-json\/wp\/v2\/comments?post=488"}],"version-history":[{"count":1,"href":"https:\/\/www.encontrajardimsaoluis.com.br\/noticias\/wp-json\/wp\/v2\/posts\/488\/revisions"}],"predecessor-version":[{"id":489,"href":"https:\/\/www.encontrajardimsaoluis.com.br\/noticias\/wp-json\/wp\/v2\/posts\/488\/revisions\/489"}],"wp:attachment":[{"href":"https:\/\/www.encontrajardimsaoluis.com.br\/noticias\/wp-json\/wp\/v2\/media?parent=488"}],"wp:term":[{"taxonomy":"category","embeddable":true,"href":"https:\/\/www.encontrajardimsaoluis.com.br\/noticias\/wp-json\/wp\/v2\/categories?post=488"},{"taxonomy":"post_tag","embeddable":true,"href":"https:\/\/www.encontrajardimsaoluis.com.br\/noticias\/wp-json\/wp\/v2\/tags?post=488"}],"curies":[{"name":"wp","href":"https:\/\/api.w.org\/{rel}","templated":true}]}}