{"id":491,"date":"2013-11-08T00:22:21","date_gmt":"2013-11-08T03:22:21","guid":{"rendered":"http:\/\/www.encontrajardimsaoluis.com.br\/noticias\/?p=491"},"modified":"2013-11-07T22:26:30","modified_gmt":"2013-11-08T01:26:30","slug":"fabrica-de-cultura-do-jardim-sao-luis-realiza-atividades-durante-o-mes-da-consciencia-negra","status":"publish","type":"post","link":"https:\/\/www.encontrajardimsaoluis.com.br\/noticias\/fabrica-de-cultura-do-jardim-sao-luis-realiza-atividades-durante-o-mes-da-consciencia-negra\/","title":{"rendered":"F\u00e1brica de Cultura do Jardim S\u00e3o Lu\u00eds realiza atividades durante o m\u00eas da Consci\u00eancia Negra"},"content":{"rendered":"<p>As F\u00e1bricas de Cultura do Governo do Estado de S\u00e3o Paulo nos bairros de Cap\u00e3o Redondo, Ja\u00e7an\u00e3, S\u00e3o Lu\u00eds e Vila Nova Cachoeirinha ter\u00e3o uma ampla programa\u00e7\u00e3o relacionada \u00e0 cultura Afro-Brasileira durante o m\u00eas de novembro.<\/p>\n<p>Na F\u00e1brica Jardim S\u00e3o Lu\u00eds, \u00e0s 14h30, acontece a atividade &#8220;Terra de Er\u00ea&#8221; &#8211; Contos Africanos, com Lilian Marchetti, com o intuito transportar o espectador para o universo misterioso de uma aldeia africana, mostrando seus costumes, cren\u00e7as e linguagens contadas pelos griots, os contadores de hist\u00f3rias .<\/p>\n<p>\u00c0s 17h, a F\u00e1brica Jardim S\u00e3o Lu\u00eds recebe tamb\u00e9m a Banda de P\u00edfanos de Caruaru, um dos grupos de m\u00fasicos instrumentistas mais tradicionais do Brasil, que mostrar\u00e1 toda a riqueza do folclore do sert\u00e3o nordestino.<\/p>\n<p>Logo ap\u00f3s, \u00e0s 18h30 acontece a apresenta\u00e7\u00e3o de Caju e Castanha, dupla brasileira de embolada, formada por irm\u00e3os naturais de Recife, com 36 anos de estrada.<\/p>\n<p>Al\u00e9m das comemora\u00e7\u00f5es do dia 20, todas as F\u00e1bricas ir\u00e3o realizar atividades especiais durante todo o m\u00eas de novembro. Entre os destaques, a atriz e cantora Zez\u00e9 Motta realizar\u00e1 apresenta\u00e7\u00e3o do show Negra Melodia na F\u00e1brica Jardim S\u00e3o Lu\u00eds, no dia 21, \u00e0s 19h30, composto por composi\u00e7\u00f5es de Luis Melodia.<\/p>\n<p>Todos os eventos s\u00e3o gratuitos.<\/p>\n<p><strong>Servi\u00e7o:<\/strong><br \/>\nF\u00e1brica de Cultura Jardim S\u00e3o Lu\u00eds<br \/>\nRua Ant\u00f4nio Ramos Rosa, 651. Tel: (11) 5510-5530.<br \/>\nHor\u00e1rio de funcionamento: ter\u00e7a a sexta das 9h \u00e0s 17h.<br \/>\nS\u00e1bados e domingos: consulte nossa programa\u00e7\u00e3o.<\/p>\n","protected":false},"excerpt":{"rendered":"<p>As F\u00e1bricas de Cultura do Governo do Estado de S\u00e3o Paulo nos bairros de Cap\u00e3o Redondo, Ja\u00e7an\u00e3, S\u00e3o Lu\u00eds e Vila Nova Cachoeirinha ter\u00e3o uma ampla programa\u00e7\u00e3o relacionada \u00e0 cultura Afro-Brasileira durante o m\u00eas de novembro. Na F\u00e1brica Jardim S\u00e3o Lu\u00eds, \u00e0s 14h30, acontece a atividade &#8220;Terra de Er\u00ea&#8221; &#8211; Contos Africanos, com Lilian Marchetti, [&hellip;]<\/p>\n","protected":false},"author":1,"featured_media":0,"comment_status":"open","ping_status":"open","sticky":false,"template":"","format":"standard","meta":{"footnotes":""},"categories":[6],"tags":[],"class_list":["post-491","post","type-post","status-publish","format-standard","hentry","category-noticias"],"_links":{"self":[{"href":"https:\/\/www.encontrajardimsaoluis.com.br\/noticias\/wp-json\/wp\/v2\/posts\/491","targetHints":{"allow":["GET"]}}],"collection":[{"href":"https:\/\/www.encontrajardimsaoluis.com.br\/noticias\/wp-json\/wp\/v2\/posts"}],"about":[{"href":"https:\/\/www.encontrajardimsaoluis.com.br\/noticias\/wp-json\/wp\/v2\/types\/post"}],"author":[{"embeddable":true,"href":"https:\/\/www.encontrajardimsaoluis.com.br\/noticias\/wp-json\/wp\/v2\/users\/1"}],"replies":[{"embeddable":true,"href":"https:\/\/www.encontrajardimsaoluis.com.br\/noticias\/wp-json\/wp\/v2\/comments?post=491"}],"version-history":[{"count":3,"href":"https:\/\/www.encontrajardimsaoluis.com.br\/noticias\/wp-json\/wp\/v2\/posts\/491\/revisions"}],"predecessor-version":[{"id":494,"href":"https:\/\/www.encontrajardimsaoluis.com.br\/noticias\/wp-json\/wp\/v2\/posts\/491\/revisions\/494"}],"wp:attachment":[{"href":"https:\/\/www.encontrajardimsaoluis.com.br\/noticias\/wp-json\/wp\/v2\/media?parent=491"}],"wp:term":[{"taxonomy":"category","embeddable":true,"href":"https:\/\/www.encontrajardimsaoluis.com.br\/noticias\/wp-json\/wp\/v2\/categories?post=491"},{"taxonomy":"post_tag","embeddable":true,"href":"https:\/\/www.encontrajardimsaoluis.com.br\/noticias\/wp-json\/wp\/v2\/tags?post=491"}],"curies":[{"name":"wp","href":"https:\/\/api.w.org\/{rel}","templated":true}]}}