{"id":500,"date":"2013-12-05T00:41:09","date_gmt":"2013-12-05T03:41:09","guid":{"rendered":"http:\/\/www.encontrajardimsaoluis.com.br\/noticias\/?p=500"},"modified":"2013-12-04T11:41:17","modified_gmt":"2013-12-04T14:41:17","slug":"cat-movel-retoma-programacao-quinzenal-no-jardim-sao-luis","status":"publish","type":"post","link":"https:\/\/www.encontrajardimsaoluis.com.br\/noticias\/cat-movel-retoma-programacao-quinzenal-no-jardim-sao-luis\/","title":{"rendered":"CAT M\u00f3vel retoma programa\u00e7\u00e3o quinzenal no Jardim S\u00e3o Luis"},"content":{"rendered":"<p>As sete unidades m\u00f3veis do CAT (Centro de Apoio ao Trabalho), da Secretaria Municipal do Desenvolvimento, Trabalho e Empreendedorismo (SDTE), estar\u00e3o em novos pontos da cidade prestando atendimento \u00e0 popula\u00e7\u00e3o paulistana, at\u00e9 o dia 13 de dezembro.<\/p>\n<p>O bairro do Jardim S\u00e3o Luis \u00e9 um dos bairros contemplados com a visita.<\/p>\n<p>Al\u00e9m de vagas de emprego, o CAT M\u00f3vel na regi\u00e3o oferece servi\u00e7os como: emiss\u00e3o de carteira de trabalho (1\u00aa e 2\u00aa vias), habilita\u00e7\u00e3o do seguro-desemprego, formaliza\u00e7\u00e3o de microempreendedor individual (MEI) e inscri\u00e7\u00f5es para o Programa Nacional de Acesso ao Ensino T\u00e9cnico e Emprego (Pronatec), entre outros.<\/p>\n<p><b>Servi\u00e7o:<\/b><\/p>\n<p>Local: Base Comunit\u00e1ria da Pol\u00edcia Militar &#8211; Jardim S\u00e3o Luis<b><br \/>\nEndere\u00e7o: <\/b>Avenida Guarapiranga, 100 &#8211; Jardim S\u00e3o Luis<b><br \/>\nQuando: <\/b>At\u00e9 13 de dezembro<b> &#8211; <\/b>de segunda \u00e0 sexta-feira<b><br \/>\nHor\u00e1rio: <b>das 8h00 \u00e0s 17h00<\/b><br \/>\n<\/b><\/p>\n","protected":false},"excerpt":{"rendered":"<p>As sete unidades m\u00f3veis do CAT (Centro de Apoio ao Trabalho), da Secretaria Municipal do Desenvolvimento, Trabalho e Empreendedorismo (SDTE), estar\u00e3o em novos pontos da cidade prestando atendimento \u00e0 popula\u00e7\u00e3o paulistana, at\u00e9 o dia 13 de dezembro. O bairro do Jardim S\u00e3o Luis \u00e9 um dos bairros contemplados com a visita. Al\u00e9m de vagas de [&hellip;]<\/p>\n","protected":false},"author":1,"featured_media":0,"comment_status":"open","ping_status":"open","sticky":false,"template":"","format":"standard","meta":{"footnotes":""},"categories":[6],"tags":[],"class_list":["post-500","post","type-post","status-publish","format-standard","hentry","category-noticias"],"_links":{"self":[{"href":"https:\/\/www.encontrajardimsaoluis.com.br\/noticias\/wp-json\/wp\/v2\/posts\/500","targetHints":{"allow":["GET"]}}],"collection":[{"href":"https:\/\/www.encontrajardimsaoluis.com.br\/noticias\/wp-json\/wp\/v2\/posts"}],"about":[{"href":"https:\/\/www.encontrajardimsaoluis.com.br\/noticias\/wp-json\/wp\/v2\/types\/post"}],"author":[{"embeddable":true,"href":"https:\/\/www.encontrajardimsaoluis.com.br\/noticias\/wp-json\/wp\/v2\/users\/1"}],"replies":[{"embeddable":true,"href":"https:\/\/www.encontrajardimsaoluis.com.br\/noticias\/wp-json\/wp\/v2\/comments?post=500"}],"version-history":[{"count":2,"href":"https:\/\/www.encontrajardimsaoluis.com.br\/noticias\/wp-json\/wp\/v2\/posts\/500\/revisions"}],"predecessor-version":[{"id":502,"href":"https:\/\/www.encontrajardimsaoluis.com.br\/noticias\/wp-json\/wp\/v2\/posts\/500\/revisions\/502"}],"wp:attachment":[{"href":"https:\/\/www.encontrajardimsaoluis.com.br\/noticias\/wp-json\/wp\/v2\/media?parent=500"}],"wp:term":[{"taxonomy":"category","embeddable":true,"href":"https:\/\/www.encontrajardimsaoluis.com.br\/noticias\/wp-json\/wp\/v2\/categories?post=500"},{"taxonomy":"post_tag","embeddable":true,"href":"https:\/\/www.encontrajardimsaoluis.com.br\/noticias\/wp-json\/wp\/v2\/tags?post=500"}],"curies":[{"name":"wp","href":"https:\/\/api.w.org\/{rel}","templated":true}]}}