{"id":503,"date":"2013-12-06T00:02:42","date_gmt":"2013-12-06T03:02:42","guid":{"rendered":"http:\/\/www.encontrajardimsaoluis.com.br\/noticias\/?p=503"},"modified":"2013-12-06T08:44:42","modified_gmt":"2013-12-06T11:44:42","slug":"emicida-rael-e-flora-matos-fazem-show-na-fabrica-de-cultura-jardim-sao-luis","status":"publish","type":"post","link":"https:\/\/www.encontrajardimsaoluis.com.br\/noticias\/emicida-rael-e-flora-matos-fazem-show-na-fabrica-de-cultura-jardim-sao-luis\/","title":{"rendered":"Emicida, Rael e Flora Matos fazem show na F\u00e1brica de Cultura Jardim S\u00e3o Lu\u00eds"},"content":{"rendered":"<p>Os rappers Emicida, Rael e Flora Matos se apresentam juntos no domingo, dia 8 de dezembro, \u00e0s 16h, na F\u00e1brica de Cultura Jardim S\u00e3o Lu\u00eds, zona sul. A entrada \u00e9 gratuita.<\/p>\n<p>Emicida leva ao palco as m\u00fasicas de seu \u00e1lbum \u201cO Glorioso Retorno de Quem Nunca Esteve Aqui\u201d, que tem participa\u00e7\u00f5es de Wilson das Neves, Elisa Lucinda, Tulipa Ruiz e Quinteto em Branco e Preto, entre outros.<\/p>\n<p>J\u00e1 Rael apresenta o disco \u201cAinda Bem que Eu Segui as Batidas do Meu Cora\u00e7\u00e3o\u201d, que marca o in\u00edcio da parceria com o Laborat\u00f3rio Fantasma, selo de Emicida.<\/p>\n<p>Flora Matos leva alguns sucessos do mixtape \u201cFlora Matos vs Stereodubs\u201d, lan\u00e7ado em 2009.\u00a0Em 2013, a rapper tamb\u00e9m entrou para o Laborat\u00f3rio Fantasma.<\/p>\n<p><strong>Servi\u00e7o<\/strong><br \/>\nO que: Show de Emicida, Rael e Flora Matos<br \/>\nQuando: Dom 08\/12 \u00e0s 16:00<br \/>\nQuanto: Nada<br \/>\nOnde: F\u00e1brica de Cultura Jardim S\u00e3o Lu\u00eds<br \/>\nEndere\u00e7o: Rua Ant\u00f4nio Ramos Rosa, 37 &#8211; Jardim S\u00e3o Lu\u00eds<br \/>\nInforma\u00e7\u00f5es: (11) 5812-9899<\/p>\n","protected":false},"excerpt":{"rendered":"<p>Os rappers Emicida, Rael e Flora Matos se apresentam juntos no domingo, dia 8 de dezembro, \u00e0s 16h, na F\u00e1brica de Cultura Jardim S\u00e3o Lu\u00eds, zona sul. A entrada \u00e9 gratuita. Emicida leva ao palco as m\u00fasicas de seu \u00e1lbum \u201cO Glorioso Retorno de Quem Nunca Esteve Aqui\u201d, que tem participa\u00e7\u00f5es de Wilson das Neves, [&hellip;]<\/p>\n","protected":false},"author":1,"featured_media":0,"comment_status":"open","ping_status":"open","sticky":false,"template":"","format":"standard","meta":{"footnotes":""},"categories":[6],"tags":[],"class_list":["post-503","post","type-post","status-publish","format-standard","hentry","category-noticias"],"_links":{"self":[{"href":"https:\/\/www.encontrajardimsaoluis.com.br\/noticias\/wp-json\/wp\/v2\/posts\/503","targetHints":{"allow":["GET"]}}],"collection":[{"href":"https:\/\/www.encontrajardimsaoluis.com.br\/noticias\/wp-json\/wp\/v2\/posts"}],"about":[{"href":"https:\/\/www.encontrajardimsaoluis.com.br\/noticias\/wp-json\/wp\/v2\/types\/post"}],"author":[{"embeddable":true,"href":"https:\/\/www.encontrajardimsaoluis.com.br\/noticias\/wp-json\/wp\/v2\/users\/1"}],"replies":[{"embeddable":true,"href":"https:\/\/www.encontrajardimsaoluis.com.br\/noticias\/wp-json\/wp\/v2\/comments?post=503"}],"version-history":[{"count":3,"href":"https:\/\/www.encontrajardimsaoluis.com.br\/noticias\/wp-json\/wp\/v2\/posts\/503\/revisions"}],"predecessor-version":[{"id":506,"href":"https:\/\/www.encontrajardimsaoluis.com.br\/noticias\/wp-json\/wp\/v2\/posts\/503\/revisions\/506"}],"wp:attachment":[{"href":"https:\/\/www.encontrajardimsaoluis.com.br\/noticias\/wp-json\/wp\/v2\/media?parent=503"}],"wp:term":[{"taxonomy":"category","embeddable":true,"href":"https:\/\/www.encontrajardimsaoluis.com.br\/noticias\/wp-json\/wp\/v2\/categories?post=503"},{"taxonomy":"post_tag","embeddable":true,"href":"https:\/\/www.encontrajardimsaoluis.com.br\/noticias\/wp-json\/wp\/v2\/tags?post=503"}],"curies":[{"name":"wp","href":"https:\/\/api.w.org\/{rel}","templated":true}]}}