{"id":508,"date":"2014-01-10T12:02:29","date_gmt":"2014-01-10T15:02:29","guid":{"rendered":"http:\/\/www.encontrajardimsaoluis.com.br\/noticias\/?p=508"},"modified":"2014-01-10T12:02:29","modified_gmt":"2014-01-10T15:02:29","slug":"jardim-sao-luis-recebe-programacao-cultural-do-projeto-recreio-nas-ferias","status":"publish","type":"post","link":"https:\/\/www.encontrajardimsaoluis.com.br\/noticias\/jardim-sao-luis-recebe-programacao-cultural-do-projeto-recreio-nas-ferias\/","title":{"rendered":"Jardim S\u00e3o Luis recebe programa\u00e7\u00e3o cultural do projeto Recreio nas F\u00e9rias"},"content":{"rendered":"<p>Em 2014, a 26\u00aa edi\u00e7\u00e3o do Programa Recreio nas F\u00e9rias ser\u00e1 realizada de 13 a 17 de janeiro, em mais de 100 polos espalhados pela capital, entre eles os Centros Educacionais Unificados (CEUs) e unidades escolares.<\/p>\n<p>O CDC S\u00e3b\u00e3o, no Jardim S\u00e3o Luis, receber\u00e1 diversas atividades durante o per\u00edodo de f\u00e9rias. Para participar do Recreio nas F\u00e9rias, n\u00e3o \u00e9 preciso ser aluno de uma escola municipal. Basta ter entre 4 e 14 anos e se inscrever em um dos polos, com a autoriza\u00e7\u00e3o assinada pelos pais ou respons\u00e1veis. Se voc\u00ea estiver interessado em inscrever seu filho procure um dos polos para verificar a exist\u00eancia de vagas.<\/p>\n<p>Haver\u00e1 ainda cerca de 650 passeios para diversos locais da cidade como museus e parques, incluindo ainda visitas ao Espa\u00e7o Cultural Catavento, \u00e0 Esta\u00e7\u00e3o Ci\u00eancia e \u00e0s unidades do SESC. Al\u00e9m disso, ser\u00e3o apresentados espet\u00e1culos de m\u00fasica, dan\u00e7a, teatro, conta\u00e7\u00e3o de hist\u00f3rias e m\u00e1gica.\u00a0 As atividades ocorrer\u00e3o das 9h \u00e0s 16h30.<\/p>\n<p>A programa\u00e7\u00e3o completa pode ser vista no site: portalsme.prefeitura.sp.gov.br\/ceus\/Documentos\/polosrecreio_janeiro14.pdf<\/p>\n<p><strong>Servi\u00e7o:<\/strong><\/p>\n<p>O que: Recreio nas F\u00e9rias<br \/>\nQuando: De 13 a 17 de janeiro<br \/>\nLocal: SEME CDC S\u00e3b\u00e3o<br \/>\nEndere\u00e7o: Rua Sebasti\u00e3o Muniz De Souza, 122<br \/>\nAtividades gratuitas<\/p>\n","protected":false},"excerpt":{"rendered":"<p>Em 2014, a 26\u00aa edi\u00e7\u00e3o do Programa Recreio nas F\u00e9rias ser\u00e1 realizada de 13 a 17 de janeiro, em mais de 100 polos espalhados pela capital, entre eles os Centros Educacionais Unificados (CEUs) e unidades escolares. O CDC S\u00e3b\u00e3o, no Jardim S\u00e3o Luis, receber\u00e1 diversas atividades durante o per\u00edodo de f\u00e9rias. Para participar do Recreio [&hellip;]<\/p>\n","protected":false},"author":1,"featured_media":0,"comment_status":"open","ping_status":"open","sticky":false,"template":"","format":"standard","meta":{"footnotes":""},"categories":[6],"tags":[],"class_list":["post-508","post","type-post","status-publish","format-standard","hentry","category-noticias"],"_links":{"self":[{"href":"https:\/\/www.encontrajardimsaoluis.com.br\/noticias\/wp-json\/wp\/v2\/posts\/508","targetHints":{"allow":["GET"]}}],"collection":[{"href":"https:\/\/www.encontrajardimsaoluis.com.br\/noticias\/wp-json\/wp\/v2\/posts"}],"about":[{"href":"https:\/\/www.encontrajardimsaoluis.com.br\/noticias\/wp-json\/wp\/v2\/types\/post"}],"author":[{"embeddable":true,"href":"https:\/\/www.encontrajardimsaoluis.com.br\/noticias\/wp-json\/wp\/v2\/users\/1"}],"replies":[{"embeddable":true,"href":"https:\/\/www.encontrajardimsaoluis.com.br\/noticias\/wp-json\/wp\/v2\/comments?post=508"}],"version-history":[{"count":1,"href":"https:\/\/www.encontrajardimsaoluis.com.br\/noticias\/wp-json\/wp\/v2\/posts\/508\/revisions"}],"predecessor-version":[{"id":509,"href":"https:\/\/www.encontrajardimsaoluis.com.br\/noticias\/wp-json\/wp\/v2\/posts\/508\/revisions\/509"}],"wp:attachment":[{"href":"https:\/\/www.encontrajardimsaoluis.com.br\/noticias\/wp-json\/wp\/v2\/media?parent=508"}],"wp:term":[{"taxonomy":"category","embeddable":true,"href":"https:\/\/www.encontrajardimsaoluis.com.br\/noticias\/wp-json\/wp\/v2\/categories?post=508"},{"taxonomy":"post_tag","embeddable":true,"href":"https:\/\/www.encontrajardimsaoluis.com.br\/noticias\/wp-json\/wp\/v2\/tags?post=508"}],"curies":[{"name":"wp","href":"https:\/\/api.w.org\/{rel}","templated":true}]}}