{"id":511,"date":"2014-02-18T01:10:30","date_gmt":"2014-02-18T04:10:30","guid":{"rendered":"http:\/\/www.encontrajardimsaoluis.com.br\/noticias\/?p=511"},"modified":"2014-02-19T13:12:53","modified_gmt":"2014-02-19T16:12:53","slug":"fabrica-de-cultura-do-jardim-sao-luis-recebe-o-escritor-luiz-ruffato","status":"publish","type":"post","link":"https:\/\/www.encontrajardimsaoluis.com.br\/noticias\/fabrica-de-cultura-do-jardim-sao-luis-recebe-o-escritor-luiz-ruffato\/","title":{"rendered":"F\u00e1brica de Cultura do Jardim S\u00e3o Luis recebe o escritor Luiz Ruffato"},"content":{"rendered":"<p>O escritor Luiz Ruffato vai participar do encontro A Voz do Autor, realizado na unidade da F\u00e1brica de Cultura do Jardim S\u00e3o Lu\u00eds.<\/p>\n<p>Luiz Ruffato \u00e9 escritor, autor de \u201cEles eram muitos cavalos\u201d, ganhador do Pr\u00eamio Machado de Assis e do Pr\u00eamio APCA; \u00a0\u201dDe mim j\u00e1 nem se lembra\u201d; \u201cEstive em Lisboa e lembrei de voc\u00ea\u201d; e do projeto \u201cInferno Provis\u00f3rio\u201d, ganhador dos Pr\u00eamios APCA, Jabuti e Casa de las Am\u00e9ricas.<\/p>\n<p>Luiz Ruffato j\u00e1 teve seus livros publicados em pa\u00edses como It\u00e1lia, Fran\u00e7a, Portugal, Argentina, Col\u00f4mbia e Alemanha . Foi escritor residente na universidade de Berkeley, em 2012, e \u00e9 consultor de literatura do Instituto Ita\u00fa Cultural.<\/p>\n<p><strong>Veja a programa\u00e7\u00e3o:<\/strong><\/p>\n<p>F\u00e1brica de Cultura Jardim S\u00e3o Lu\u00eds \u2013 quarta, dia 19, \u00e0s 14h30<\/p>\n<p><strong>Servi\u00e7o:<\/strong><br \/>\n<strong>Local:<\/strong> F\u00e1brica de Cultura Jardim S\u00e3o Lu\u00eds<br \/>\n<strong>Endere\u00e7o:<\/strong> Rua Ant\u00f4nio Ramos Rosa, 37 &#8211; Jardim S\u00e3o Lu\u00eds<br \/>\n<strong>Informa\u00e7\u00f5es:<\/strong> (11) 5812-9899<\/p>\n","protected":false},"excerpt":{"rendered":"<p>O escritor Luiz Ruffato vai participar do encontro A Voz do Autor, realizado na unidade da F\u00e1brica de Cultura do Jardim S\u00e3o Lu\u00eds. Luiz Ruffato \u00e9 escritor, autor de \u201cEles eram muitos cavalos\u201d, ganhador do Pr\u00eamio Machado de Assis e do Pr\u00eamio APCA; \u00a0\u201dDe mim j\u00e1 nem se lembra\u201d; \u201cEstive em Lisboa e lembrei de [&hellip;]<\/p>\n","protected":false},"author":1,"featured_media":0,"comment_status":"open","ping_status":"open","sticky":false,"template":"","format":"standard","meta":{"footnotes":""},"categories":[6],"tags":[],"class_list":["post-511","post","type-post","status-publish","format-standard","hentry","category-noticias"],"_links":{"self":[{"href":"https:\/\/www.encontrajardimsaoluis.com.br\/noticias\/wp-json\/wp\/v2\/posts\/511","targetHints":{"allow":["GET"]}}],"collection":[{"href":"https:\/\/www.encontrajardimsaoluis.com.br\/noticias\/wp-json\/wp\/v2\/posts"}],"about":[{"href":"https:\/\/www.encontrajardimsaoluis.com.br\/noticias\/wp-json\/wp\/v2\/types\/post"}],"author":[{"embeddable":true,"href":"https:\/\/www.encontrajardimsaoluis.com.br\/noticias\/wp-json\/wp\/v2\/users\/1"}],"replies":[{"embeddable":true,"href":"https:\/\/www.encontrajardimsaoluis.com.br\/noticias\/wp-json\/wp\/v2\/comments?post=511"}],"version-history":[{"count":2,"href":"https:\/\/www.encontrajardimsaoluis.com.br\/noticias\/wp-json\/wp\/v2\/posts\/511\/revisions"}],"predecessor-version":[{"id":513,"href":"https:\/\/www.encontrajardimsaoluis.com.br\/noticias\/wp-json\/wp\/v2\/posts\/511\/revisions\/513"}],"wp:attachment":[{"href":"https:\/\/www.encontrajardimsaoluis.com.br\/noticias\/wp-json\/wp\/v2\/media?parent=511"}],"wp:term":[{"taxonomy":"category","embeddable":true,"href":"https:\/\/www.encontrajardimsaoluis.com.br\/noticias\/wp-json\/wp\/v2\/categories?post=511"},{"taxonomy":"post_tag","embeddable":true,"href":"https:\/\/www.encontrajardimsaoluis.com.br\/noticias\/wp-json\/wp\/v2\/tags?post=511"}],"curies":[{"name":"wp","href":"https:\/\/api.w.org\/{rel}","templated":true}]}}