{"id":64,"date":"2011-06-28T19:19:17","date_gmt":"2011-06-28T22:19:17","guid":{"rendered":"http:\/\/www.encontrajardimsaoluis.com.br\/noticias\/?p=64"},"modified":"2013-08-14T00:36:31","modified_gmt":"2013-08-14T03:36:31","slug":"feira-no-jardim-sao-luis-promove-trocas-solidarias-dia-9","status":"publish","type":"post","link":"https:\/\/www.encontrajardimsaoluis.com.br\/noticias\/feira-no-jardim-sao-luis-promove-trocas-solidarias-dia-9\/","title":{"rendered":"Feira no Jardim S\u00e3o Luis promove trocas solid\u00e1rias dia 9"},"content":{"rendered":"<p>O CEU Casa Blanca (Rua Jo\u00e3o Damasceno, 85, Encontra Jardim S\u00e3o Luis) promove no dia 9 de julho, das 13h \u00e0s 16h, uma feira de trocas\u00a0solid\u00e1rias. A ideia \u00e9 promover troca de produtos, servi\u00e7os e alimentos entre os participantes, que poder\u00e3o decidir o que levar. O evento tem o apoio do grupo Reciclando Esperan\u00e7a e do Centro Empresarial de S\u00e3o Paulo. Aberto \u00e0 comunidade.<\/p>\n<p><em>Fonte: Di\u00e1rio de S. Paulo<\/em><\/p>\n","protected":false},"excerpt":{"rendered":"<p>O CEU Casa Blanca (Rua Jo\u00e3o Damasceno, 85, Encontra Jardim S\u00e3o Luis) promove no dia 9 de julho, das 13h \u00e0s 16h, uma feira de trocas\u00a0solid\u00e1rias. A ideia \u00e9 promover troca de produtos, servi\u00e7os e alimentos entre os participantes, que poder\u00e3o decidir o que levar. O evento tem o apoio do grupo Reciclando Esperan\u00e7a e [&hellip;]<\/p>\n","protected":false},"author":1,"featured_media":0,"comment_status":"open","ping_status":"open","sticky":false,"template":"","format":"standard","meta":{"footnotes":""},"categories":[5],"tags":[14],"class_list":["post-64","post","type-post","status-publish","format-standard","hentry","category-eventos","tag-jardim-sao-luis"],"_links":{"self":[{"href":"https:\/\/www.encontrajardimsaoluis.com.br\/noticias\/wp-json\/wp\/v2\/posts\/64","targetHints":{"allow":["GET"]}}],"collection":[{"href":"https:\/\/www.encontrajardimsaoluis.com.br\/noticias\/wp-json\/wp\/v2\/posts"}],"about":[{"href":"https:\/\/www.encontrajardimsaoluis.com.br\/noticias\/wp-json\/wp\/v2\/types\/post"}],"author":[{"embeddable":true,"href":"https:\/\/www.encontrajardimsaoluis.com.br\/noticias\/wp-json\/wp\/v2\/users\/1"}],"replies":[{"embeddable":true,"href":"https:\/\/www.encontrajardimsaoluis.com.br\/noticias\/wp-json\/wp\/v2\/comments?post=64"}],"version-history":[{"count":2,"href":"https:\/\/www.encontrajardimsaoluis.com.br\/noticias\/wp-json\/wp\/v2\/posts\/64\/revisions"}],"predecessor-version":[{"id":331,"href":"https:\/\/www.encontrajardimsaoluis.com.br\/noticias\/wp-json\/wp\/v2\/posts\/64\/revisions\/331"}],"wp:attachment":[{"href":"https:\/\/www.encontrajardimsaoluis.com.br\/noticias\/wp-json\/wp\/v2\/media?parent=64"}],"wp:term":[{"taxonomy":"category","embeddable":true,"href":"https:\/\/www.encontrajardimsaoluis.com.br\/noticias\/wp-json\/wp\/v2\/categories?post=64"},{"taxonomy":"post_tag","embeddable":true,"href":"https:\/\/www.encontrajardimsaoluis.com.br\/noticias\/wp-json\/wp\/v2\/tags?post=64"}],"curies":[{"name":"wp","href":"https:\/\/api.w.org\/{rel}","templated":true}]}}