{"id":66,"date":"2011-08-03T16:02:10","date_gmt":"2011-08-03T19:02:10","guid":{"rendered":"http:\/\/www.encontrajardimsaoluis.com.br\/noticias\/?p=66"},"modified":"2013-08-14T00:36:31","modified_gmt":"2013-08-14T03:36:31","slug":"fundacao-casa-inaugura-duas-novas-unidades-no-jardim-sao-luis","status":"publish","type":"post","link":"https:\/\/www.encontrajardimsaoluis.com.br\/noticias\/fundacao-casa-inaugura-duas-novas-unidades-no-jardim-sao-luis\/","title":{"rendered":"Funda\u00e7\u00e3o Casa inaugura duas novas unidades no Jardim S\u00e3o Luis"},"content":{"rendered":"<p>Duas novas unidades da Funda\u00e7\u00e3o Casa ser\u00e3o inauguradas nesta ter\u00e7a-feira (2) no Jardim S\u00e3o Luis, Zona Sul de S\u00e3o Paulo. Os novos complexos para adolescentes infratores s\u00e3o menores do que os j\u00e1 existentes, e visam fornecer um atendimento mais personalizado para os menores internados.<\/p>\n<p>Cada unidade ter\u00e1 capacidade para 44 jovens. Al\u00e9m de melhorar o atendimento, as unidades menores tamb\u00e9m reduzem o risco de rebeli\u00f5es entre os menores.<\/p>\n<p>\u201cN\u00f3s iniciamos em 2005 um trabalho de descentraliza\u00e7\u00e3o das nossas unidades e da desativa\u00e7\u00e3o dos grandes complexos. O objetivo \u00e9 em primeiro lugar fazer com que o adolescente tenha um atendimento individualizado, conseguir diagnosticar quais os motivos que levaram o adolescente a ter uma conduta que gerou uma medida socioeducativa\u201d, explicou Claudio Piteri, vice-presidente da Funda\u00e7\u00e3o Casa.<\/p>\n<p>Atualmente, cerca de 80% das interna\u00e7\u00f5es na Funda\u00e7\u00e3o Casa acontecem por roubo ou tr\u00e1fico de drogas.<\/p>\n<p><em>Fonte: G1<\/em><\/p>\n","protected":false},"excerpt":{"rendered":"<p>Duas novas unidades da Funda\u00e7\u00e3o Casa ser\u00e3o inauguradas nesta ter\u00e7a-feira (2) no Jardim S\u00e3o Luis, Zona Sul de S\u00e3o Paulo. Os novos complexos para adolescentes infratores s\u00e3o menores do que os j\u00e1 existentes, e visam fornecer um atendimento mais personalizado para os menores internados. Cada unidade ter\u00e1 capacidade para 44 jovens. Al\u00e9m de melhorar o [&hellip;]<\/p>\n","protected":false},"author":1,"featured_media":0,"comment_status":"open","ping_status":"open","sticky":false,"template":"","format":"standard","meta":{"footnotes":""},"categories":[6],"tags":[14],"class_list":["post-66","post","type-post","status-publish","format-standard","hentry","category-noticias","tag-jardim-sao-luis"],"_links":{"self":[{"href":"https:\/\/www.encontrajardimsaoluis.com.br\/noticias\/wp-json\/wp\/v2\/posts\/66","targetHints":{"allow":["GET"]}}],"collection":[{"href":"https:\/\/www.encontrajardimsaoluis.com.br\/noticias\/wp-json\/wp\/v2\/posts"}],"about":[{"href":"https:\/\/www.encontrajardimsaoluis.com.br\/noticias\/wp-json\/wp\/v2\/types\/post"}],"author":[{"embeddable":true,"href":"https:\/\/www.encontrajardimsaoluis.com.br\/noticias\/wp-json\/wp\/v2\/users\/1"}],"replies":[{"embeddable":true,"href":"https:\/\/www.encontrajardimsaoluis.com.br\/noticias\/wp-json\/wp\/v2\/comments?post=66"}],"version-history":[{"count":2,"href":"https:\/\/www.encontrajardimsaoluis.com.br\/noticias\/wp-json\/wp\/v2\/posts\/66\/revisions"}],"predecessor-version":[{"id":308,"href":"https:\/\/www.encontrajardimsaoluis.com.br\/noticias\/wp-json\/wp\/v2\/posts\/66\/revisions\/308"}],"wp:attachment":[{"href":"https:\/\/www.encontrajardimsaoluis.com.br\/noticias\/wp-json\/wp\/v2\/media?parent=66"}],"wp:term":[{"taxonomy":"category","embeddable":true,"href":"https:\/\/www.encontrajardimsaoluis.com.br\/noticias\/wp-json\/wp\/v2\/categories?post=66"},{"taxonomy":"post_tag","embeddable":true,"href":"https:\/\/www.encontrajardimsaoluis.com.br\/noticias\/wp-json\/wp\/v2\/tags?post=66"}],"curies":[{"name":"wp","href":"https:\/\/api.w.org\/{rel}","templated":true}]}}