{"id":69,"date":"2011-08-08T14:14:27","date_gmt":"2011-08-08T17:14:27","guid":{"rendered":"http:\/\/www.encontrajardimsaoluis.com.br\/noticias\/?p=69"},"modified":"2013-08-14T00:36:31","modified_gmt":"2013-08-14T03:36:31","slug":"jardim-sao-luis-recebe-conferencia-sobre-drogas-nesta-terca","status":"publish","type":"post","link":"https:\/\/www.encontrajardimsaoluis.com.br\/noticias\/jardim-sao-luis-recebe-conferencia-sobre-drogas-nesta-terca\/","title":{"rendered":"Jardim S\u00e3o Luis recebe confer\u00eancia sobre drogas nesta ter\u00e7a"},"content":{"rendered":"<p>A Subprefeitura do M&#8217;Boi Mirim (Avenida Guarapiranga, 1.265, bairro Jardim S\u00e3o Lu\u00eds) recebe nesta ter\u00e7a a Confer\u00eancia de Participa\u00e7\u00e3o e Aten\u00e7\u00e3o \u00e0s Drogas. Na reuni\u00e3o, a partir das 15h, ser\u00e3o discutidos temas relacionados ao tratamento de dependentes, preven\u00e7\u00e3o nas escolas e empresas e legaliza\u00e7\u00e3o de drogas ou descriminaliza\u00e7\u00e3o. Os debates ainda v\u00e3o propor pol\u00edticas p\u00fablicas de droga e \u00e1lcool, recupera\u00e7\u00e3o e inser\u00e7\u00e3o social de usu\u00e1rios de drogas.<\/p>\n<p><em>Fonte: Di\u00e1rio de S. Paulo<\/em><\/p>\n","protected":false},"excerpt":{"rendered":"<p>A Subprefeitura do M&#8217;Boi Mirim (Avenida Guarapiranga, 1.265, bairro Jardim S\u00e3o Lu\u00eds) recebe nesta ter\u00e7a a Confer\u00eancia de Participa\u00e7\u00e3o e Aten\u00e7\u00e3o \u00e0s Drogas. Na reuni\u00e3o, a partir das 15h, ser\u00e3o discutidos temas relacionados ao tratamento de dependentes, preven\u00e7\u00e3o nas escolas e empresas e legaliza\u00e7\u00e3o de drogas ou descriminaliza\u00e7\u00e3o. Os debates ainda v\u00e3o propor pol\u00edticas p\u00fablicas [&hellip;]<\/p>\n","protected":false},"author":1,"featured_media":0,"comment_status":"open","ping_status":"open","sticky":false,"template":"","format":"standard","meta":{"footnotes":""},"categories":[5],"tags":[14],"class_list":["post-69","post","type-post","status-publish","format-standard","hentry","category-eventos","tag-jardim-sao-luis"],"_links":{"self":[{"href":"https:\/\/www.encontrajardimsaoluis.com.br\/noticias\/wp-json\/wp\/v2\/posts\/69","targetHints":{"allow":["GET"]}}],"collection":[{"href":"https:\/\/www.encontrajardimsaoluis.com.br\/noticias\/wp-json\/wp\/v2\/posts"}],"about":[{"href":"https:\/\/www.encontrajardimsaoluis.com.br\/noticias\/wp-json\/wp\/v2\/types\/post"}],"author":[{"embeddable":true,"href":"https:\/\/www.encontrajardimsaoluis.com.br\/noticias\/wp-json\/wp\/v2\/users\/1"}],"replies":[{"embeddable":true,"href":"https:\/\/www.encontrajardimsaoluis.com.br\/noticias\/wp-json\/wp\/v2\/comments?post=69"}],"version-history":[{"count":2,"href":"https:\/\/www.encontrajardimsaoluis.com.br\/noticias\/wp-json\/wp\/v2\/posts\/69\/revisions"}],"predecessor-version":[{"id":332,"href":"https:\/\/www.encontrajardimsaoluis.com.br\/noticias\/wp-json\/wp\/v2\/posts\/69\/revisions\/332"}],"wp:attachment":[{"href":"https:\/\/www.encontrajardimsaoluis.com.br\/noticias\/wp-json\/wp\/v2\/media?parent=69"}],"wp:term":[{"taxonomy":"category","embeddable":true,"href":"https:\/\/www.encontrajardimsaoluis.com.br\/noticias\/wp-json\/wp\/v2\/categories?post=69"},{"taxonomy":"post_tag","embeddable":true,"href":"https:\/\/www.encontrajardimsaoluis.com.br\/noticias\/wp-json\/wp\/v2\/tags?post=69"}],"curies":[{"name":"wp","href":"https:\/\/api.w.org\/{rel}","templated":true}]}}