{"id":73,"date":"2011-08-31T15:17:04","date_gmt":"2011-08-31T18:17:04","guid":{"rendered":"http:\/\/www.encontrajardimsaoluis.com.br\/noticias\/?p=73"},"modified":"2013-08-14T00:36:31","modified_gmt":"2013-08-14T03:36:31","slug":"acidente-entre-carro-e-moto-no-jardim-sao-luis-deixa-cinco-feridos","status":"publish","type":"post","link":"https:\/\/www.encontrajardimsaoluis.com.br\/noticias\/acidente-entre-carro-e-moto-no-jardim-sao-luis-deixa-cinco-feridos\/","title":{"rendered":"Acidente entre carro e moto no Jardim S\u00e3o Luis deixa cinco feridos"},"content":{"rendered":"<p>Cinco pessoas ficaram feridas ap\u00f3s um acidente entre um carro e uma moto, na avenida M&#8217;boi Mirim, n\u00ba2398, no bairro Jardim S\u00e3o Luis, na zona sul de SP, na madrugada desta segunda-feira (29). Ap\u00f3s a batida, o ve\u00edculo acabou capotando.<\/p>\n<p>As v\u00edtimas\u00a0foram socorridas nos prontos-socorros S\u00e3o Paulo, Campo Limpo, Santo Amaro, com um ferido cada, e outras duas pessoas foram levadas ao hospital M&#8217;boi Mirim.<br \/>\nSegundo a CET (Companhia de Engenharia de Tr\u00e1fego), por volta das 8h30, a faixa central e da direita da via estavam bloqueadas para a realiza\u00e7\u00e3o de per\u00edcia. N\u00e3o havia registro de lentid\u00e3o devido\u00a0\u00e0 montagem de uma faixa revers\u00edvel que vai at\u00e9 a rua Vicenzo Catena.<\/p>\n<p><em>Fonte: R7<\/em><\/p>\n","protected":false},"excerpt":{"rendered":"<p>Cinco pessoas ficaram feridas ap\u00f3s um acidente entre um carro e uma moto, na avenida M&#8217;boi Mirim, n\u00ba2398, no bairro Jardim S\u00e3o Luis, na zona sul de SP, na madrugada desta segunda-feira (29). Ap\u00f3s a batida, o ve\u00edculo acabou capotando. As v\u00edtimas\u00a0foram socorridas nos prontos-socorros S\u00e3o Paulo, Campo Limpo, Santo Amaro, com um ferido cada, [&hellip;]<\/p>\n","protected":false},"author":1,"featured_media":0,"comment_status":"open","ping_status":"open","sticky":false,"template":"","format":"standard","meta":{"footnotes":""},"categories":[6],"tags":[14],"class_list":["post-73","post","type-post","status-publish","format-standard","hentry","category-noticias","tag-jardim-sao-luis"],"_links":{"self":[{"href":"https:\/\/www.encontrajardimsaoluis.com.br\/noticias\/wp-json\/wp\/v2\/posts\/73","targetHints":{"allow":["GET"]}}],"collection":[{"href":"https:\/\/www.encontrajardimsaoluis.com.br\/noticias\/wp-json\/wp\/v2\/posts"}],"about":[{"href":"https:\/\/www.encontrajardimsaoluis.com.br\/noticias\/wp-json\/wp\/v2\/types\/post"}],"author":[{"embeddable":true,"href":"https:\/\/www.encontrajardimsaoluis.com.br\/noticias\/wp-json\/wp\/v2\/users\/1"}],"replies":[{"embeddable":true,"href":"https:\/\/www.encontrajardimsaoluis.com.br\/noticias\/wp-json\/wp\/v2\/comments?post=73"}],"version-history":[{"count":3,"href":"https:\/\/www.encontrajardimsaoluis.com.br\/noticias\/wp-json\/wp\/v2\/posts\/73\/revisions"}],"predecessor-version":[{"id":333,"href":"https:\/\/www.encontrajardimsaoluis.com.br\/noticias\/wp-json\/wp\/v2\/posts\/73\/revisions\/333"}],"wp:attachment":[{"href":"https:\/\/www.encontrajardimsaoluis.com.br\/noticias\/wp-json\/wp\/v2\/media?parent=73"}],"wp:term":[{"taxonomy":"category","embeddable":true,"href":"https:\/\/www.encontrajardimsaoluis.com.br\/noticias\/wp-json\/wp\/v2\/categories?post=73"},{"taxonomy":"post_tag","embeddable":true,"href":"https:\/\/www.encontrajardimsaoluis.com.br\/noticias\/wp-json\/wp\/v2\/tags?post=73"}],"curies":[{"name":"wp","href":"https:\/\/api.w.org\/{rel}","templated":true}]}}