{"id":75,"date":"2011-08-31T15:18:00","date_gmt":"2011-08-31T18:18:00","guid":{"rendered":"http:\/\/www.encontrajardimsaoluis.com.br\/noticias\/?p=75"},"modified":"2013-08-14T00:36:31","modified_gmt":"2013-08-14T03:36:31","slug":"prefeitura-inaugura-centro-de-educacao-infantil-no-jardim-sao-luis","status":"publish","type":"post","link":"https:\/\/www.encontrajardimsaoluis.com.br\/noticias\/prefeitura-inaugura-centro-de-educacao-infantil-no-jardim-sao-luis\/","title":{"rendered":"Prefeitura inaugura Centro de Educa\u00e7\u00e3o Infantil no Jardim S\u00e3o Luis"},"content":{"rendered":"<p>A Prefeitura de S\u00e3o Paulo inaugura nesta quarta-feira (31) o Centro de Educa\u00e7\u00e3o Infantil (CEI) Indireto Cedro V \u2013 Parque Alves de Lima, no bairro Jardim S\u00e3o Lu\u00eds, na Zona Sul de SP. A escola atender\u00e1 70 crian\u00e7as, com idade entre 2 e 4 anos.<\/p>\n<p>O pr\u00e9dio, localizado na Avenida Francisco N\u00f3brega Barbosa, 162, foi reformado e readequado pela Subprefeitura de M\u2019Boi Mirim e cedido para a abertura da nova unidade. O novo CEI ter\u00e1 turmas de Mini-grupo I (de 2 a 2 anos e 11 meses) e Mini-grupo II (de 3 anos a 3 anos e 11 meses).<\/p>\n<p>O novo equipamento \u00e9 resultado do conv\u00eanio firmado entre a Secretaria Municipal de Educa\u00e7\u00e3o e a Associa\u00e7\u00e3o Cedro do L\u00edbano, que ser\u00e1 respons\u00e1vel pela administra\u00e7\u00e3o da unidade.<\/p>\n<p><em>Fonte: Prefeitura de S\u00e3o Paulo<\/em><\/p>\n","protected":false},"excerpt":{"rendered":"<p>A Prefeitura de S\u00e3o Paulo inaugura nesta quarta-feira (31) o Centro de Educa\u00e7\u00e3o Infantil (CEI) Indireto Cedro V \u2013 Parque Alves de Lima, no bairro Jardim S\u00e3o Lu\u00eds, na Zona Sul de SP. A escola atender\u00e1 70 crian\u00e7as, com idade entre 2 e 4 anos. O pr\u00e9dio, localizado na Avenida Francisco N\u00f3brega Barbosa, 162, foi [&hellip;]<\/p>\n","protected":false},"author":1,"featured_media":0,"comment_status":"open","ping_status":"open","sticky":false,"template":"","format":"standard","meta":{"footnotes":""},"categories":[6],"tags":[14],"class_list":["post-75","post","type-post","status-publish","format-standard","hentry","category-noticias","tag-jardim-sao-luis"],"_links":{"self":[{"href":"https:\/\/www.encontrajardimsaoluis.com.br\/noticias\/wp-json\/wp\/v2\/posts\/75","targetHints":{"allow":["GET"]}}],"collection":[{"href":"https:\/\/www.encontrajardimsaoluis.com.br\/noticias\/wp-json\/wp\/v2\/posts"}],"about":[{"href":"https:\/\/www.encontrajardimsaoluis.com.br\/noticias\/wp-json\/wp\/v2\/types\/post"}],"author":[{"embeddable":true,"href":"https:\/\/www.encontrajardimsaoluis.com.br\/noticias\/wp-json\/wp\/v2\/users\/1"}],"replies":[{"embeddable":true,"href":"https:\/\/www.encontrajardimsaoluis.com.br\/noticias\/wp-json\/wp\/v2\/comments?post=75"}],"version-history":[{"count":3,"href":"https:\/\/www.encontrajardimsaoluis.com.br\/noticias\/wp-json\/wp\/v2\/posts\/75\/revisions"}],"predecessor-version":[{"id":334,"href":"https:\/\/www.encontrajardimsaoluis.com.br\/noticias\/wp-json\/wp\/v2\/posts\/75\/revisions\/334"}],"wp:attachment":[{"href":"https:\/\/www.encontrajardimsaoluis.com.br\/noticias\/wp-json\/wp\/v2\/media?parent=75"}],"wp:term":[{"taxonomy":"category","embeddable":true,"href":"https:\/\/www.encontrajardimsaoluis.com.br\/noticias\/wp-json\/wp\/v2\/categories?post=75"},{"taxonomy":"post_tag","embeddable":true,"href":"https:\/\/www.encontrajardimsaoluis.com.br\/noticias\/wp-json\/wp\/v2\/tags?post=75"}],"curies":[{"name":"wp","href":"https:\/\/api.w.org\/{rel}","templated":true}]}}