{"id":91,"date":"2012-01-09T17:15:45","date_gmt":"2012-01-09T20:15:45","guid":{"rendered":"http:\/\/www.encontrajardimsaoluis.com.br\/noticias\/?p=91"},"modified":"2013-08-14T00:36:32","modified_gmt":"2013-08-14T03:36:32","slug":"gatos-que-estavam-emparedados-ha-uma-semana-no-jardim-sao-luis-sao-resgatados","status":"publish","type":"post","link":"https:\/\/www.encontrajardimsaoluis.com.br\/noticias\/gatos-que-estavam-emparedados-ha-uma-semana-no-jardim-sao-luis-sao-resgatados\/","title":{"rendered":"Gatos que estavam &#8216;emparedados&#8217; h\u00e1 uma semana no Jardim S\u00e3o Lu\u00eds s\u00e3o resgatados"},"content":{"rendered":"<p>Os dois filhotes de gato que estavam &#8216;emparedados&#8217; em uma brecha entre duas resid\u00eancias no bairro Jardim S\u00e3o Lu\u00eds, na Zona Sul de S\u00e3o Paulo, h\u00e1 mais de uma semana, foram resgatados na manh\u00e3 deste s\u00e1bado (7) pelo Corpo de Bombeiros e pela Pol\u00edcia Militar Ambiental. Devido \u00e0 dificuldade em acessar o local, os bichanos tiveram de ser la\u00e7ados do alto de uma das casas. Apesar de assustados, os gatinhos passam bem.<\/p>\n<p>Depois de resgatados, os filhotes foram levados para a resid\u00eancia de uma protetora de animais, na Vila Clementino, na Zona Sul da capital, onde ser\u00e3o alimentados e tratados. Daqui a uma semana, os gatos dever\u00e3o ser colocados para ado\u00e7\u00e3o em uma feirinha que \u00e9 realizada semanalmente na Vila Mariana, na Zona Sul, com esta finalidade. Quem estiver interessado em adot\u00e1-los, pode entrar em contato por meio do e-mail denisevegan@hotmail.com.<\/p>\n<p>Os moradores n\u00e3o souberam dizer como os bichanos foram parar no local. Um vizinho, com uma ajuda de um pequeno balde, conseguia levar \u00e1gua e comida at\u00e9 eles. O site\u00a0<em>G1<\/em>\u00a0esteve no local na sexta-feira (6). A propriet\u00e1ria de uma das resid\u00eancias, a microempres\u00e1ria Isabel Marques, entrou em contato com o Corpo de Bombeiros para pedir ajuda para resgatar os gatos da brecha entre as casas, que chega a quase dois metros de altura e de acesso dif\u00edcil. \u201cEles me disseram que n\u00e3o fazem resgate de animais\u201d, disse Isabel.<\/p>\n<p>Ela decidiu pedir ajuda, ent\u00e3o, a uma amiga que atua como protetora de animais h\u00e1 cinco anos, a auxiliar de escrit\u00f3rio M\u00e1rcia Evangelista. Depois de v\u00e1rias tentativas para retirar os felinos da brecha, M\u00e1rcia tamb\u00e9m ligou para os bombeiros e ouviu a mesma resposta que a amiga.<\/p>\n<p>O\u00a0<em>G1<\/em>\u00a0ligou para a sala de comunica\u00e7\u00e3o do Corpo de Bombeiros e recebeu uma informa\u00e7\u00e3o distinta. Segundo a assessoria da corpora\u00e7\u00e3o, os bombeiros fazem, sim, resgate de animais, mas em situa\u00e7\u00f5es emergenciais e quando o solicitante j\u00e1 esgotou todas as op\u00e7\u00f5es para tirar os animais do local.<\/p>\n<p>A preocupa\u00e7\u00e3o tanto da moradora quanto da protetora de animais era quanto \u00e0 imin\u00eancia de que as fortes chuvas previstas para a tarde de sexta-feira pudessem alagar a brecha e os gatinhos morressem afogados.<\/p>\n<p><em>Fonte: G1<\/em><\/p>\n","protected":false},"excerpt":{"rendered":"<p>Os dois filhotes de gato que estavam &#8216;emparedados&#8217; em uma brecha entre duas resid\u00eancias no bairro Jardim S\u00e3o Lu\u00eds, na Zona Sul de S\u00e3o Paulo, h\u00e1 mais de uma semana, foram resgatados na manh\u00e3 deste s\u00e1bado (7) pelo Corpo de Bombeiros e pela Pol\u00edcia Militar Ambiental. Devido \u00e0 dificuldade em acessar o local, os bichanos [&hellip;]<\/p>\n","protected":false},"author":1,"featured_media":0,"comment_status":"open","ping_status":"open","sticky":false,"template":"","format":"standard","meta":{"footnotes":""},"categories":[6],"tags":[14],"class_list":["post-91","post","type-post","status-publish","format-standard","hentry","category-noticias","tag-jardim-sao-luis"],"_links":{"self":[{"href":"https:\/\/www.encontrajardimsaoluis.com.br\/noticias\/wp-json\/wp\/v2\/posts\/91","targetHints":{"allow":["GET"]}}],"collection":[{"href":"https:\/\/www.encontrajardimsaoluis.com.br\/noticias\/wp-json\/wp\/v2\/posts"}],"about":[{"href":"https:\/\/www.encontrajardimsaoluis.com.br\/noticias\/wp-json\/wp\/v2\/types\/post"}],"author":[{"embeddable":true,"href":"https:\/\/www.encontrajardimsaoluis.com.br\/noticias\/wp-json\/wp\/v2\/users\/1"}],"replies":[{"embeddable":true,"href":"https:\/\/www.encontrajardimsaoluis.com.br\/noticias\/wp-json\/wp\/v2\/comments?post=91"}],"version-history":[{"count":4,"href":"https:\/\/www.encontrajardimsaoluis.com.br\/noticias\/wp-json\/wp\/v2\/posts\/91\/revisions"}],"predecessor-version":[{"id":340,"href":"https:\/\/www.encontrajardimsaoluis.com.br\/noticias\/wp-json\/wp\/v2\/posts\/91\/revisions\/340"}],"wp:attachment":[{"href":"https:\/\/www.encontrajardimsaoluis.com.br\/noticias\/wp-json\/wp\/v2\/media?parent=91"}],"wp:term":[{"taxonomy":"category","embeddable":true,"href":"https:\/\/www.encontrajardimsaoluis.com.br\/noticias\/wp-json\/wp\/v2\/categories?post=91"},{"taxonomy":"post_tag","embeddable":true,"href":"https:\/\/www.encontrajardimsaoluis.com.br\/noticias\/wp-json\/wp\/v2\/tags?post=91"}],"curies":[{"name":"wp","href":"https:\/\/api.w.org\/{rel}","templated":true}]}}