{"id":99,"date":"2012-02-29T20:50:17","date_gmt":"2012-02-29T23:50:17","guid":{"rendered":"http:\/\/www.encontrajardimsaoluis.com.br\/noticias\/?p=99"},"modified":"2013-08-14T00:37:04","modified_gmt":"2013-08-14T03:37:04","slug":"prefeitura-inaugura-centro-de-educacao-infantil-na-regiao-do-jardim-sao-luis","status":"publish","type":"post","link":"https:\/\/www.encontrajardimsaoluis.com.br\/noticias\/prefeitura-inaugura-centro-de-educacao-infantil-na-regiao-do-jardim-sao-luis\/","title":{"rendered":"Prefeitura inaugura Centro de Educa\u00e7\u00e3o Infantil na regi\u00e3o do Jardim S\u00e3o Lu\u00eds"},"content":{"rendered":"<p>Nesta quarta-feira (29\/2), o prefeito de S\u00e3o Paulo inaugurou o Centro de Educa\u00e7\u00e3o Infantil (CEI) Cedro do L\u00edbano VI, no bairro Jardim Vergueiro, regi\u00e3o do Jardim S\u00e3o Lu\u00eds, na Zona Sul de SP. A unidade faz parte de um conjunto de 45 novas escolas, dentre CEIs, EMEIs e EMEFs, que a Prefeitura de S\u00e3o Paulo entregou aos alunos da Diretoria Regional de Educa\u00e7\u00e3o (DRE) Campo Limpo, desde 2005.<\/p>\n<p>\u201cHoje inauguramos mais uma creche. Esta \u00e9 administrada por uma institui\u00e7\u00e3o de refer\u00eancia que atende quase tr\u00eas mil crian\u00e7as e que h\u00e1 d\u00e9cadas foi criada por senhoras que dedicaram sua vida a educa\u00e7\u00e3o infantil. A Prefeitura d\u00e1 todo apoio, estabelece conv\u00eanios, transfere recursos e o resultado \u00e9 extraordin\u00e1rio. No in\u00edcio da gest\u00e3o t\u00ednhamos 59 mil crian\u00e7as sendo atendidas em creche, passamos para mais de 130 mil e hoje estamos atendendo quase 200 mil crian\u00e7as\u201d, disse o prefeito.<\/p>\n<p>O CEI Cedro do L\u00edbano VI \u00e9 resultado de um conv\u00eanio entre a Secretaria Municipal de Educa\u00e7\u00e3o e a Associa\u00e7\u00e3o Cedro do L\u00edbano de Prote\u00e7\u00e3o \u00e0 Inf\u00e2ncia e entrou em funcionamento no dia 1\u00ba de fevereiro deste ano. Com capacidade para atender at\u00e9 160 crian\u00e7as em per\u00edodo integral, a nova unidade atende turmas de mini-grupo I (de 2 a 2 anos e 11 meses) e de mini-grupo II (de 3 a 3 anos e 11 meses).<\/p>\n<p>O munic\u00edpio mant\u00e9m outros conv\u00eanios com a Associa\u00e7\u00e3o Cedro do L\u00edbano, fundada em 1947 por senhoras da comunidade libanesa. No total, a entidade \u00e9 respons\u00e1vel pela administra\u00e7\u00e3o indireta de mais 11 creches na Zona Sul,\u00a0 a partir do repasse de verbas da administra\u00e7\u00e3o municipal.<\/p>\n<p>\u201cSa\u00edmos de 59 mil crian\u00e7as matriculadas para quase 200 mil. S\u00f3 4% dos munic\u00edpios brasileiros t\u00eam uma popula\u00e7\u00e3o superior ao n\u00famero de crian\u00e7as que a cidade de S\u00e3o Paulo atende em creche. Ainda temos crian\u00e7as fora da escola e por isso fazemos parcerias com entidades s\u00e9rias, id\u00f4neas, que t\u00eam projetos pedag\u00f3gicos e bons professores\u201d, explicou o secret\u00e1rio municipal de Educa\u00e7\u00e3o.<\/p>\n<p><em>Fonte: Prefeitura de S\u00e3o Paulo<\/em><\/p>\n<p>&nbsp;<\/p>\n","protected":false},"excerpt":{"rendered":"<p>Nesta quarta-feira (29\/2), o prefeito de S\u00e3o Paulo inaugurou o Centro de Educa\u00e7\u00e3o Infantil (CEI) Cedro do L\u00edbano VI, no bairro Jardim Vergueiro, regi\u00e3o do Jardim S\u00e3o Lu\u00eds, na Zona Sul de SP. A unidade faz parte de um conjunto de 45 novas escolas, dentre CEIs, EMEIs e EMEFs, que a Prefeitura de S\u00e3o Paulo [&hellip;]<\/p>\n","protected":false},"author":1,"featured_media":0,"comment_status":"open","ping_status":"open","sticky":false,"template":"","format":"standard","meta":{"footnotes":""},"categories":[6],"tags":[14],"class_list":["post-99","post","type-post","status-publish","format-standard","hentry","category-noticias","tag-jardim-sao-luis"],"_links":{"self":[{"href":"https:\/\/www.encontrajardimsaoluis.com.br\/noticias\/wp-json\/wp\/v2\/posts\/99","targetHints":{"allow":["GET"]}}],"collection":[{"href":"https:\/\/www.encontrajardimsaoluis.com.br\/noticias\/wp-json\/wp\/v2\/posts"}],"about":[{"href":"https:\/\/www.encontrajardimsaoluis.com.br\/noticias\/wp-json\/wp\/v2\/types\/post"}],"author":[{"embeddable":true,"href":"https:\/\/www.encontrajardimsaoluis.com.br\/noticias\/wp-json\/wp\/v2\/users\/1"}],"replies":[{"embeddable":true,"href":"https:\/\/www.encontrajardimsaoluis.com.br\/noticias\/wp-json\/wp\/v2\/comments?post=99"}],"version-history":[{"count":3,"href":"https:\/\/www.encontrajardimsaoluis.com.br\/noticias\/wp-json\/wp\/v2\/posts\/99\/revisions"}],"predecessor-version":[{"id":397,"href":"https:\/\/www.encontrajardimsaoluis.com.br\/noticias\/wp-json\/wp\/v2\/posts\/99\/revisions\/397"}],"wp:attachment":[{"href":"https:\/\/www.encontrajardimsaoluis.com.br\/noticias\/wp-json\/wp\/v2\/media?parent=99"}],"wp:term":[{"taxonomy":"category","embeddable":true,"href":"https:\/\/www.encontrajardimsaoluis.com.br\/noticias\/wp-json\/wp\/v2\/categories?post=99"},{"taxonomy":"post_tag","embeddable":true,"href":"https:\/\/www.encontrajardimsaoluis.com.br\/noticias\/wp-json\/wp\/v2\/tags?post=99"}],"curies":[{"name":"wp","href":"https:\/\/api.w.org\/{rel}","templated":true}]}}